{"id":23617,"date":"2024-08-15T23:46:20","date_gmt":"2024-08-16T03:46:20","guid":{"rendered":"https:\/\/www.notaoficial.com\/s\/?p=23617"},"modified":"2024-08-15T23:46:20","modified_gmt":"2024-08-16T03:46:20","slug":"celebrando-el-dia-nacional-del-cine-mexicano","status":"publish","type":"post","link":"https:\/\/www.notaoficial.com\/s\/2024\/08\/15\/celebrando-el-dia-nacional-del-cine-mexicano\/","title":{"rendered":"Celebrando el D\u00eda Nacional del Cine Mexicano"},"content":{"rendered":"<p><span class=\"article-contentstyles__ArticleQuoteText-pei0rm-9 jLCtOE\">El reconocimiento dentro y fuera de nuestras fronteras de nuestro cine y de nuestra literatura es incuestionable, su calidad y trascendencia resuenan porque nos definen tal y como somos. Hoy celebramos el D\u00eda Nacional del Cine Mexicano y reiteramos nuestro compromiso con el cine mexicano al hablar de uno de los proyectos m\u00e1s relevantes en los que hemos incursionado, <\/span><span class=\"article-contentstyles__ArticleQuoteText-pei0rm-9 kNrfNa\">Pedro P\u00e1ramo<\/span><span class=\"article-contentstyles__ArticleQuoteText-pei0rm-9 jLCtOE\">, largometraje que adapta la novela de Juan Rulfo. Casi 70 a\u00f1os despu\u00e9s de su publicaci\u00f3n, <\/span><span class=\"article-contentstyles__ArticleQuoteText-pei0rm-9 kNrfNa\">Pedro P\u00e1ramo <\/span><span class=\"article-contentstyles__ArticleQuoteText-pei0rm-9 jLCtOE\">sigue siendo uno de los pilares fundamentales de nuestra literatura, obra seminal de trascendencia universal.<\/span><\/p>\n<p><span class=\"article-contentstyles__ArticleQuoteText-pei0rm-9 jLCtOE\">Tomamos la decisi\u00f3n de llevar a cabo la adaptaci\u00f3n cinematogr\u00e1fica de <\/span><span class=\"article-contentstyles__ArticleQuoteText-pei0rm-9 kNrfNa\">Pedro P\u00e1ramo <\/span><span class=\"article-contentstyles__ArticleQuoteText-pei0rm-9 jLCtOE\">con el mayor de los respetos, rigor y compromiso. Para ello, logramos reunir a un impresionante grupo de artistas y t\u00e9cnicos, en su gran mayor\u00eda mexicanos, encabezados por el reconocido y premiado cinemat\u00f3grafo Rodrigo Prieto, quien hace su debut directorial con <\/span><span class=\"article-contentstyles__ArticleQuoteText-pei0rm-9 kNrfNa\">Pedro P\u00e1ramo. <\/span><span class=\"article-contentstyles__ArticleQuoteText-pei0rm-9 jLCtOE\">A Rodrigo, a la producci\u00f3n,\u00a0 al equipo t\u00e9cnico y al reparto, que encabezan Manuel Garc\u00eda-Rulfo, Tenoch Huerta, Dolores Heredia, Ilse Salas, Giovana Zacar\u00edas, Mayra Batalla, Ishbel Bautista, H\u00e9ctor Kotsifakis, No\u00e9 Hern\u00e1ndez y Roberto Sosa, entre muchos otros, les reconozco y agradezco el compromiso, pasi\u00f3n, talento y dedicaci\u00f3n que pusieron en esta tarea. A la familia Rulfo les agradezco su confianza y apoyo.<\/span><\/p>\n<p><span class=\"article-contentstyles__ArticleQuoteText-pei0rm-9 jLCtOE\">Este largometraje tendr\u00e1 su <\/span><a href=\"https:\/\/tiff.net\/events\/pedro-paramo\" target=\"_blank\" rel=\"noopener\"><span class=\"article-contentstyles__ArticleHyperlink-pei0rm-22 exuXLW\">estreno mundial<\/span><\/a><span class=\"article-contentstyles__ArticleQuoteText-pei0rm-9 jLCtOE\"> en el Festival Internacional de Cine de Toronto, como parte de la competencia <\/span><span class=\"article-contentstyles__ArticleQuoteText-pei0rm-9 kNrfNa\">Platform<\/span><span class=\"article-contentstyles__ArticleQuoteText-pei0rm-9 jLCtOE\"> del festival. Nos enorgullece poder llevar esta obra mexicana a un festival de tal tradici\u00f3n y repercusi\u00f3n. Hacia finales de a\u00f1o,<\/span> <span class=\"article-contentstyles__ArticleQuoteText-pei0rm-9 jLCtOE\">llegar\u00e1 a Netflix y se podr\u00e1 ver en m\u00e1s de 190 pa\u00edses. Mientras tanto les compartimos algunas im\u00e1genes del detr\u00e1s de c\u00e1maras de esta producci\u00f3n, as\u00ed como una <\/span><a href=\"https:\/\/assetshare.netflixstudios.com\/e5080f34-410c-4232-9975-fe17525dd0e9\" target=\"_blank\" rel=\"noopener\"><span class=\"article-contentstyles__ArticleHyperlink-pei0rm-22 exuXLW\">selecci\u00f3n fotogr\u00e1fica<\/span><\/a><span class=\"article-contentstyles__ArticleQuoteText-pei0rm-9 jLCtOE\"> de lo que vendr\u00e1. Creo que percibir\u00e1n a Comala y a M\u00e9xico claramente.<\/span><\/p>\n<p><span class=\"article-contentstyles__ArticleQuoteText-pei0rm-9 jLCtOE\">Adem\u00e1s, como muestra del compromiso del que hablamos, aprovecho para ponerlos al tanto de varios proyectos cinematogr\u00e1ficos:\u00a0\u00a0<\/span><\/p>\n<ul>\n<li><span class=\"article-contentstyles__ArticleQuoteText-pei0rm-9 iVyKIG\">Technoboys <\/span><span class=\"article-contentstyles__ArticleQuoteText-pei0rm-9 jLCtOE\">llegar\u00e1 a Netflix el 11 de septiembre. Despu\u00e9s de m\u00e1s de 10 a\u00f1os, Luis Gerardo M\u00e9ndez y Karla Souza se re\u00fanen en esta \u00e1cida comedia en la que los acompa\u00f1an Gabriel Nuncio, Daniela Vega, Fernando Bonilla, Joaqu\u00edn Ferreira, Luis Rodri\u0301guez \u00abEl Guana\u00bb, Ari Brickman, Vin Ramos, Mo\u0301nica del Carmen, German Bracco, y la participaci\u00f3n especial de Fernanda Castillo, bajo la direcci\u00f3n de Gerardo Gatica y Luis Gerardo M\u00e9ndez. Producida por Cine Vaquero, Panorama y Bengala.<\/span><\/li>\n<\/ul>\n<div class=\"article-contentstyles__ArticleImageWrapper-pei0rm-10 ksEQUK\">\n<div class=\"image__StyledImageContainer-sc-13v4hwq-0 dTtcdM\"><\/div>\n<p>Pr\u00edncipes Salvajes (still)<\/p><\/div>\n<ul>\n<li><span class=\"article-contentstyles__ArticleQuoteText-pei0rm-9 iVyKIG\">Pr\u00edncipes salvajes<\/span><span class=\"article-contentstyles__ArticleQuoteText-pei0rm-9 jLCtOE\"> llegar\u00e1 a Netflix el 28 de agosto. Este largometraje narra la historia de un grupo de adolescentes adinerados que explotan su estatus social para cometer cr\u00edmenes cada vez m\u00e1s graves. Sin embargo, las consecuencias de sus actos afectan a los m\u00e1s vulnerables, y no a los afortunados. Dirigido por Humberto Hinojosa, protagonizan Juan Pablo Fuentes, Ximena Lamadrid, Fernando Cattori, Renata Manterola, con la participaci\u00f3n especial de Alfonso Herrera. Producida por TigrePictures y BH5 Studios.<\/span><\/li>\n<\/ul>\n<p><span class=\"article-contentstyles__ArticleQuoteText-pei0rm-9 jLCtOE\">Me emociona tambi\u00e9n compartir que estamos en etapa de postproducci\u00f3n de las siguientes pel\u00edculas:<\/span><\/p>\n<div class=\"article-contentstyles__ArticleImageWrapper-pei0rm-10 ksEQUK\">\n<div class=\"image__StyledImageContainer-sc-13v4hwq-0 dTtcdM\"><\/div>\n<p>The Biggest Fan (first look)<\/p><\/div>\n<ul>\n<li><span class=\"article-contentstyles__ArticleQuoteText-pei0rm-9 iVyKIG\">The Biggest Fan <\/span><span class=\"article-contentstyles__ArticleQuoteText-pei0rm-9 jLCtOE\">(t\u00edtulo provisional),<\/span> <span class=\"article-contentstyles__ArticleQuoteText-pei0rm-9 jLCtOE\">dirigida por Mar\u00eda Torres (<\/span><span class=\"article-contentstyles__ArticleQuoteText-pei0rm-9 kNrfNa\">An\u00f3nima). <\/span><span class=\"article-contentstyles__ArticleQuoteText-pei0rm-9 jLCtOE\">Esta<\/span> <span class=\"article-contentstyles__ArticleQuoteText-pei0rm-9 jLCtOE\">comedia narra la historia de Lana Cruz, una actriz que, despu\u00e9s de ser cancelada de Hollywood, regresa a M\u00e9xico para actuar en una pel\u00edcula y demostrar que a\u00fan puede ser una gran estrella. Lo que no imagina es que conocer\u00e1 a Polly, su m\u00e1xima fan y peor pesadilla. Lana tendr\u00e1 que hacer hasta lo imposible para evitar que Polly termine con su carrera y su paciencia. La protagonizan Kate del Castillo y Diana Bovio, como Lana y Polly, respectivamente. Producida por Gaumont y Pasajero.<\/span><\/li>\n<li><span class=\"article-contentstyles__ArticleQuoteText-pei0rm-9 jLCtOE\">\u00a0<\/span><span class=\"article-contentstyles__ArticleQuoteText-pei0rm-9 iVyKIG\">Los dos hemisferios de Lucca,<\/span><span class=\"article-contentstyles__ArticleQuoteText-pei0rm-9 jLCtOE\"> la adaptaci\u00f3n del conmovedor libro hom\u00f3nimo escrito por B\u00e1rbara Anderson, que dirige Mariana Chenillo (<\/span><span class=\"article-contentstyles__ArticleQuoteText-pei0rm-9 kNrfNa\">Cinco d\u00edas sin Nora, Somos.<\/span><span class=\"article-contentstyles__ArticleQuoteText-pei0rm-9 jLCtOE\">) y protagonizada por B\u00e1rbara Mori y Juan Pablo Medina. Producida por Woo Films.\u00a0<\/span><\/li>\n<li><span class=\"article-contentstyles__ArticleQuoteText-pei0rm-9 iVyKIG\">Las locuras<\/span><span class=\"article-contentstyles__ArticleQuoteText-pei0rm-9 jLCtOE\">, la nueva pel\u00edcula Rodrigo Garc\u00eda tras <\/span><span class=\"article-contentstyles__ArticleQuoteText-pei0rm-9 kNrfNa\">Familia,<\/span><span class=\"article-contentstyles__ArticleQuoteText-pei0rm-9 jLCtOE\"> en la que el director mexicano-colombiano explorar\u00e1, a trav\u00e9s de una serie de relatos alrededor de un d\u00eda intenso, c\u00f3mo las personas son empujadas al l\u00edmite para rebelarse contra el encierro, la autocensura y la presi\u00f3n familiar. Produce<\/span> <span class=\"article-contentstyles__ArticleQuoteText-pei0rm-9 jLCtOE\">Panorama Global.<\/span><\/li>\n<\/ul>\n<p><span class=\"article-contentstyles__ArticleQuoteText-pei0rm-9 jLCtOE\">Y con esto dejamos claro que queremos \u00a1Que M\u00e9xico se vea!<\/span><\/p>\n","protected":false},"excerpt":{"rendered":"<p>El reconocimiento dentro y fuera de nuestras fronteras de nuestro cine y de nuestra literatura es incuestionable, su calidad y trascendencia resuenan porque nos definen tal y como somos. Hoy celebramos el D\u00eda Nacional del Cine Mexicano y reiteramos nuestro compromiso con el cine mexicano al hablar de uno de los proyectos m\u00e1s relevantes en [&hellip;]<\/p>\n","protected":false},"author":2,"featured_media":23618,"comment_status":"closed","ping_status":"open","sticky":false,"template":"","format":"standard","meta":[],"categories":[463,146],"tags":[10187],"wppr_data":{"cwp_meta_box_check":"No"},"_links":{"self":[{"href":"https:\/\/www.notaoficial.com\/s\/wp-json\/wp\/v2\/posts\/23617"}],"collection":[{"href":"https:\/\/www.notaoficial.com\/s\/wp-json\/wp\/v2\/posts"}],"about":[{"href":"https:\/\/www.notaoficial.com\/s\/wp-json\/wp\/v2\/types\/post"}],"author":[{"embeddable":true,"href":"https:\/\/www.notaoficial.com\/s\/wp-json\/wp\/v2\/users\/2"}],"replies":[{"embeddable":true,"href":"https:\/\/www.notaoficial.com\/s\/wp-json\/wp\/v2\/comments?post=23617"}],"version-history":[{"count":2,"href":"https:\/\/www.notaoficial.com\/s\/wp-json\/wp\/v2\/posts\/23617\/revisions"}],"predecessor-version":[{"id":23620,"href":"https:\/\/www.notaoficial.com\/s\/wp-json\/wp\/v2\/posts\/23617\/revisions\/23620"}],"wp:featuredmedia":[{"embeddable":true,"href":"https:\/\/www.notaoficial.com\/s\/wp-json\/wp\/v2\/media\/23618"}],"wp:attachment":[{"href":"https:\/\/www.notaoficial.com\/s\/wp-json\/wp\/v2\/media?parent=23617"}],"wp:term":[{"taxonomy":"category","embeddable":true,"href":"https:\/\/www.notaoficial.com\/s\/wp-json\/wp\/v2\/categories?post=23617"},{"taxonomy":"post_tag","embeddable":true,"href":"https:\/\/www.notaoficial.com\/s\/wp-json\/wp\/v2\/tags?post=23617"}],"curies":[{"name":"wp","href":"https:\/\/api.w.org\/{rel}","templated":true}]}}