{"id":23708,"date":"2024-08-21T23:53:09","date_gmt":"2024-08-22T03:53:09","guid":{"rendered":"https:\/\/www.notaoficial.com\/s\/?p=23708"},"modified":"2024-08-21T23:53:09","modified_gmt":"2024-08-22T03:53:09","slug":"celebramos-el-dia-de-la-ninez-en-mcdonalds","status":"publish","type":"post","link":"https:\/\/www.notaoficial.com\/s\/2024\/08\/21\/celebramos-el-dia-de-la-ninez-en-mcdonalds\/","title":{"rendered":"Celebramos el D\u00eda de la Ni\u00f1ez en McDonald\u2019s"},"content":{"rendered":"<p>En McDonald\u2019s reafirmamos nuestro compromiso con el cuidado del planeta. Es por eso que celebramos el d\u00eda de la ni\u00f1ez con acciones que buscan promover y educar sobre el cuidado del medioambiente.<\/p>\n<p>M\u00e1s de 30 ni\u00f1os del colegio Los Cerezos de La Florida, visitaron el local McDonald\u2019s Kennedy, para conocer de cerca el funcionamiento del sistema de compostaje que la compa\u00f1\u00eda ha implementado en los restaurantes ubicados en la Rotonda Atenas, Kennedy y Padre Hurtado como parte del compromiso con la econom\u00eda circular.<\/p>\n<p>En ese contexto, los ni\u00f1os y ni\u00f1as participaron en una jornada educativa y recreativa, utilizando el compost generado en nuestras operaciones. Adem\u00e1s, aprendieron sobre la gesti\u00f3n responsable de residuos y los procesos de reciclaje que forman parte de las iniciativas implementadas en los 106 McDonald\u2019s del pa\u00eds.<\/p>\n<p>\u201cEn el D\u00eda de la Ni\u00f1ez buscamos educar a las nuevas generaciones sobre la importancia de cuidar el medioambiente. Queremos que los ni\u00f1os sean protagonistas de este cambio y aprendan la importancia de procesos tan simples como el reciclaje de los desechos que utilizamos d\u00eda a d\u00eda\u201d; coment\u00f3 Lorena Talma, Gerente de Comunicaciones de Arcos Dorados Chile.<\/p>\n<p><strong>Sistema de compostaje<\/strong><\/p>\n<p>Nuestro sistema de compostaje convierte cerca del 30% de los residuos compostables generados en cada restaurante en sustrato mejorador de suelo. Esta iniciativa se realiza en colaboraci\u00f3n con Volta Chile, una alianza estrat\u00e9gica que busca concientizar a las comunidades en las que operamos sobre los beneficios de la reducci\u00f3n de residuos a trav\u00e9s del compostaje.<\/p>\n","protected":false},"excerpt":{"rendered":"<p>En McDonald\u2019s reafirmamos nuestro compromiso con el cuidado del planeta. Es por eso que celebramos el d\u00eda de la ni\u00f1ez con acciones que buscan promover y educar sobre el cuidado del medioambiente. M\u00e1s de 30 ni\u00f1os del colegio Los Cerezos de La Florida, visitaron el local McDonald\u2019s Kennedy, para conocer de cerca el funcionamiento del [&hellip;]<\/p>\n","protected":false},"author":2,"featured_media":23709,"comment_status":"closed","ping_status":"open","sticky":false,"template":"","format":"standard","meta":[],"categories":[93,146,2],"tags":[10560],"wppr_data":{"cwp_meta_box_check":"No"},"_links":{"self":[{"href":"https:\/\/www.notaoficial.com\/s\/wp-json\/wp\/v2\/posts\/23708"}],"collection":[{"href":"https:\/\/www.notaoficial.com\/s\/wp-json\/wp\/v2\/posts"}],"about":[{"href":"https:\/\/www.notaoficial.com\/s\/wp-json\/wp\/v2\/types\/post"}],"author":[{"embeddable":true,"href":"https:\/\/www.notaoficial.com\/s\/wp-json\/wp\/v2\/users\/2"}],"replies":[{"embeddable":true,"href":"https:\/\/www.notaoficial.com\/s\/wp-json\/wp\/v2\/comments?post=23708"}],"version-history":[{"count":1,"href":"https:\/\/www.notaoficial.com\/s\/wp-json\/wp\/v2\/posts\/23708\/revisions"}],"predecessor-version":[{"id":23710,"href":"https:\/\/www.notaoficial.com\/s\/wp-json\/wp\/v2\/posts\/23708\/revisions\/23710"}],"wp:featuredmedia":[{"embeddable":true,"href":"https:\/\/www.notaoficial.com\/s\/wp-json\/wp\/v2\/media\/23709"}],"wp:attachment":[{"href":"https:\/\/www.notaoficial.com\/s\/wp-json\/wp\/v2\/media?parent=23708"}],"wp:term":[{"taxonomy":"category","embeddable":true,"href":"https:\/\/www.notaoficial.com\/s\/wp-json\/wp\/v2\/categories?post=23708"},{"taxonomy":"post_tag","embeddable":true,"href":"https:\/\/www.notaoficial.com\/s\/wp-json\/wp\/v2\/tags?post=23708"}],"curies":[{"name":"wp","href":"https:\/\/api.w.org\/{rel}","templated":true}]}}