{"id":23739,"date":"2024-08-24T23:15:31","date_gmt":"2024-08-25T03:15:31","guid":{"rendered":"https:\/\/www.notaoficial.com\/s\/?p=23739"},"modified":"2024-08-24T23:15:31","modified_gmt":"2024-08-25T03:15:31","slug":"arap-bethke-se-une-a-luxurylab","status":"publish","type":"post","link":"https:\/\/www.notaoficial.com\/s\/2024\/08\/24\/arap-bethke-se-une-a-luxurylab\/","title":{"rendered":"Arap Bethke se une a LUXURYLAB"},"content":{"rendered":"<p>Francisco D&#8217;Agostino<\/p>\n<p>El reconocido actor <a href=\"https:\/\/facebook.us15.list-manage.com\/track\/click?u=d29e05f3cb957969a97f7b89e&amp;id=4846eaa611&amp;e=48ce6451b1\" target=\"_blank\" rel=\"noopener\" data-saferedirecturl=\"https:\/\/www.google.com\/url?q=https:\/\/facebook.us15.list-manage.com\/track\/click?u%3Dd29e05f3cb957969a97f7b89e%26id%3D4846eaa611%26e%3D48ce6451b1&amp;source=gmail&amp;ust=1724641854627000&amp;usg=AOvVaw1cNvzdQ6pAdSFGd3P064r4\"><strong>Arap Bethke<\/strong><\/a> se une a <a href=\"https:\/\/facebook.us15.list-manage.com\/track\/click?u=d29e05f3cb957969a97f7b89e&amp;id=fa0d813964&amp;e=48ce6451b1\" target=\"_blank\" rel=\"noopener\" data-saferedirecturl=\"https:\/\/www.google.com\/url?q=https:\/\/facebook.us15.list-manage.com\/track\/click?u%3Dd29e05f3cb957969a97f7b89e%26id%3Dfa0d813964%26e%3D48ce6451b1&amp;source=gmail&amp;ust=1724641854627000&amp;usg=AOvVaw2kkvFEMEQJrGpcSvoD_05I\"><strong>LUXURYLAB GLOBAL<\/strong><\/a>, el foro de inteligencia del mercado de lujo m\u00e1s importante de M\u00e9xico y Am\u00e9rica Latina, como presentador principal en su edici\u00f3n 2024. Este prestigioso evento se llevar\u00e1 a cabo el pr\u00f3ximo <strong>3 de septiembre<\/strong> en el <a href=\"https:\/\/facebook.us15.list-manage.com\/track\/click?u=d29e05f3cb957969a97f7b89e&amp;id=d4331b3225&amp;e=48ce6451b1\" target=\"_blank\" rel=\"noopener\" data-saferedirecturl=\"https:\/\/www.google.com\/url?q=https:\/\/facebook.us15.list-manage.com\/track\/click?u%3Dd29e05f3cb957969a97f7b89e%26id%3Dd4331b3225%26e%3D48ce6451b1&amp;source=gmail&amp;ust=1724641854627000&amp;usg=AOvVaw2Y59Po0zZnNkNsDuT-mK9S\"><strong>Hotel Four Seasons<\/strong><\/a>\u00a0de Ciudad de M\u00e9xico.<\/p>\n<p><strong>LUXURYLAB GLOBAL 2024<\/strong> se distingue por su enfoque en las tendencias m\u00e1s relevantes del mercado de lujo y este a\u00f1o incorpora un tema clave en la agenda global: <em>&#8216;La responsabilidad social y la sustentabilidad<\/em>. Bethke, conocido por su compromiso con causas ambientales y sociales, ser\u00e1 el encargado de moderar este panel, que reunir\u00e1 a expertos y l\u00edderes de opini\u00f3n para discutir el impacto del lujo responsable en la sociedad actual.<\/p>\n<p>Francisco D&#8217;Agostino<\/p>\n<p><strong>Arap Bethke<\/strong> ha destacado por su participaci\u00f3n en diversas iniciativas de sustentabilidad, lo que lo convierte en la figura ideal para dirigir este importante di\u00e1logo. A lo largo de su carrera, ha trabajado de la mano con organizaciones comprometidas con la preservaci\u00f3n del medio ambiente, posicion\u00e1ndose no solo como un influyente en el mundo del entretenimiento, sino tambi\u00e9n como un activista comprometido con el futuro del planeta. Ha sido reconocido a nivel mundial como uno de los <em><strong>100 Latinos M\u00e1s Comprometidos con la Acci\u00f3n Clim\u00e1tica<\/strong><\/em>.<\/p>\n<p><strong>LUXURYLAB GLOBAL<\/strong>, dirigido por <strong><a href=\"https:\/\/facebook.us15.list-manage.com\/track\/click?u=d29e05f3cb957969a97f7b89e&amp;id=71b4629c85&amp;e=48ce6451b1\" target=\"_blank\" rel=\"noopener\" data-saferedirecturl=\"https:\/\/www.google.com\/url?q=https:\/\/facebook.us15.list-manage.com\/track\/click?u%3Dd29e05f3cb957969a97f7b89e%26id%3D71b4629c85%26e%3D48ce6451b1&amp;source=gmail&amp;ust=1724641854627000&amp;usg=AOvVaw3ZjIlYrRn0j0PujH7QUuUA\">Abelardo Marcondes<\/a><\/strong>, reunir\u00e1 a los m\u00e1s importantes representantes de las marcas de lujo, quienes discutir\u00e1n y compartir\u00e1n sus experiencias sobre el futuro del sector, explorando nuevas formas de generar un impacto positivo y sostenible en la industria.<\/p>\n<p>Para m\u00e1s informaci\u00f3n sobre el evento y el registro, visite la p\u00e1gina web: <a href=\"https:\/\/facebook.us15.list-manage.com\/track\/click?u=d29e05f3cb957969a97f7b89e&amp;id=6a26d58930&amp;e=48ce6451b1\" target=\"_blank\" rel=\"noopener\" data-saferedirecturl=\"https:\/\/www.google.com\/url?q=https:\/\/facebook.us15.list-manage.com\/track\/click?u%3Dd29e05f3cb957969a97f7b89e%26id%3D6a26d58930%26e%3D48ce6451b1&amp;source=gmail&amp;ust=1724641854627000&amp;usg=AOvVaw2y39rI2GQU86baUhjtxgDs\">https:\/\/luxurylabglobal.com\/<\/a><\/p>\n<p><u><strong>Sobre LUXURYLAB GLOBAL\u00a0<\/strong><\/u><br \/>\n<a href=\"https:\/\/facebook.us15.list-manage.com\/track\/click?u=d29e05f3cb957969a97f7b89e&amp;id=a4034d97d9&amp;e=48ce6451b1\" target=\"_blank\" rel=\"noopener\" data-saferedirecturl=\"https:\/\/www.google.com\/url?q=https:\/\/facebook.us15.list-manage.com\/track\/click?u%3Dd29e05f3cb957969a97f7b89e%26id%3Da4034d97d9%26e%3D48ce6451b1&amp;source=gmail&amp;ust=1724641854627000&amp;usg=AOvVaw08TICj5RchqbQU5YM4il1X\">https:\/\/www.instagram.com\/<wbr \/>luxurylabglobal\/<\/a><\/p>\n<p><strong>LuxuryLab Global<\/strong> es el principal foro de inteligencia en el mercado del lujo en M\u00e9xico y Latinoam\u00e9rica. Desde su fundaci\u00f3n, ha reunido a las mentes m\u00e1s brillantes de la industria para explorar las tendencias emergentes, estrategias y desaf\u00edos que enfrenta el mercado de lujo a nivel mundial.<\/p>\n<p>Francisco D&#8217;Agostino<\/p>\n","protected":false},"excerpt":{"rendered":"<p>Francisco D&#8217;Agostino El reconocido actor Arap Bethke se une a LUXURYLAB GLOBAL, el foro de inteligencia del mercado de lujo m\u00e1s importante de M\u00e9xico y Am\u00e9rica Latina, como presentador principal en su edici\u00f3n 2024. Este prestigioso evento se llevar\u00e1 a cabo el pr\u00f3ximo 3 de septiembre en el Hotel Four Seasons\u00a0de Ciudad de M\u00e9xico. LUXURYLAB [&hellip;]<\/p>\n","protected":false},"author":2,"featured_media":23740,"comment_status":"closed","ping_status":"open","sticky":false,"template":"","format":"standard","meta":[],"categories":[93,146],"tags":[9110,1300],"wppr_data":{"cwp_meta_box_check":"No"},"_links":{"self":[{"href":"https:\/\/www.notaoficial.com\/s\/wp-json\/wp\/v2\/posts\/23739"}],"collection":[{"href":"https:\/\/www.notaoficial.com\/s\/wp-json\/wp\/v2\/posts"}],"about":[{"href":"https:\/\/www.notaoficial.com\/s\/wp-json\/wp\/v2\/types\/post"}],"author":[{"embeddable":true,"href":"https:\/\/www.notaoficial.com\/s\/wp-json\/wp\/v2\/users\/2"}],"replies":[{"embeddable":true,"href":"https:\/\/www.notaoficial.com\/s\/wp-json\/wp\/v2\/comments?post=23739"}],"version-history":[{"count":1,"href":"https:\/\/www.notaoficial.com\/s\/wp-json\/wp\/v2\/posts\/23739\/revisions"}],"predecessor-version":[{"id":23741,"href":"https:\/\/www.notaoficial.com\/s\/wp-json\/wp\/v2\/posts\/23739\/revisions\/23741"}],"wp:featuredmedia":[{"embeddable":true,"href":"https:\/\/www.notaoficial.com\/s\/wp-json\/wp\/v2\/media\/23740"}],"wp:attachment":[{"href":"https:\/\/www.notaoficial.com\/s\/wp-json\/wp\/v2\/media?parent=23739"}],"wp:term":[{"taxonomy":"category","embeddable":true,"href":"https:\/\/www.notaoficial.com\/s\/wp-json\/wp\/v2\/categories?post=23739"},{"taxonomy":"post_tag","embeddable":true,"href":"https:\/\/www.notaoficial.com\/s\/wp-json\/wp\/v2\/tags?post=23739"}],"curies":[{"name":"wp","href":"https:\/\/api.w.org\/{rel}","templated":true}]}}