{"id":23745,"date":"2024-08-24T23:29:00","date_gmt":"2024-08-25T03:29:00","guid":{"rendered":"https:\/\/www.notaoficial.com\/s\/?p=23745"},"modified":"2024-08-24T23:29:00","modified_gmt":"2024-08-25T03:29:00","slug":"programacion-ia-sustentabilidad-y-ra","status":"publish","type":"post","link":"https:\/\/www.notaoficial.com\/s\/2024\/08\/24\/programacion-ia-sustentabilidad-y-ra\/","title":{"rendered":"Programaci\u00f3n, IA, sustentabilidad y RA"},"content":{"rendered":"<p><a href=\"https:\/\/www.telefonica.com.ar\/tag\/fundacion-telefonica-movistar\/\"><strong>Fundaci\u00f3n Telef\u00f3nica Movistar<\/strong><\/a> inici\u00f3 un nuevo ciclo de t<strong>alleres tecnol\u00f3gicos<\/strong> y <strong>visitas educativas<\/strong> destinadas a alumnos de ciclo primario, secundario y universitario, disponibles hasta noviembre de 2024, de forma gratuita y con cupos limitados.<\/p>\n<p>La propuesta busca <strong>brindar herramientas que posibiliten el desarrollo de nuevas habilidades y competencias<\/strong> para que los estudiantes se adapten mejor a un mundo cada vez m\u00e1s digital.<\/p>\n<p>Los talleres est\u00e1n alineados con las tendencias actuales en tecnolog\u00eda y abarcan tem\u00e1ticas c\u00f3mo: <strong>programaci\u00f3n<\/strong>, <strong>rob\u00f3tica<\/strong>, <strong>sustentabilidad<\/strong>, <strong>electr\u00f3nica<\/strong>, <strong>modelos 3D<\/strong>, <strong>realidad aumentada<\/strong> y <strong>animaci\u00f3n<\/strong>, entre otras. Se ofrecen 8 cursos dictados de manera presencial en Fundaci\u00f3n Telef\u00f3nica Movistar (<a href=\"https:\/\/maps.app.goo.gl\/oYZKjyikkAqa4P8C6\" target=\"_blank\" rel=\"noreferrer noopener\">Arenales 1540, CABA<\/a>).<\/p>\n<p class=\"wp-block-heading\">Aventura rob\u00f3tica<\/p>\n<blockquote class=\"wp-block-quote is-layout-flow wp-block-quote-is-layout-flow\"><p>\u25cf Sala de 5 (<strong>nivel inicial)<\/strong> y 1\u00b0y 2\u00b0 (<strong>nivel primario<\/strong>) | Viernes 9.30 y 14.15 | 60 minutos\u25cf <strong>Objetivos<\/strong>: Desarrollar capacidades vinculadas a la programaci\u00f3n en rob\u00f3tica en estudiantes que est\u00e1n comenzando sus trayectos de aprendizaje lector |Reforzar conocimientos propioceptivos para aprender con el cuerpo, as\u00ed como fomentar habilidades ciudadanas de educaci\u00f3n vial en la ciudad.<\/p><\/blockquote>\n<p class=\"wp-block-heading\">Activaci\u00f3n con l\u00e1pices 3D<\/p>\n<blockquote class=\"wp-block-quote is-layout-flow wp-block-quote-is-layout-flow\"><p>\u25cf <strong>Nivel primario<\/strong>: 3, 4, 5, 6 y 7 grados | Lunes 9.30 y 14.15 | 90 minutos\u25cf <strong>Objetivos<\/strong>: Incorporar conocimientos generales sobre la fabricaci\u00f3n digital aditiva |Reconocer similitudes y diferencias correspondientes al plano y al volumen |Identificar conceptos mec\u00e1nicos sencillos |Fomentar el aprendizaje pr\u00e1ctico y habilidades manuales de precisi\u00f3n a trav\u00e9s de la experimentaci\u00f3n<\/p><\/blockquote>\n<p class=\"wp-block-heading\">Ciudades Sustentables del Futuro<\/p>\n<blockquote class=\"wp-block-quote is-layout-flow wp-block-quote-is-layout-flow\"><p>\u25cf <strong>Nivel primario<\/strong> 3\u00b0 y 4\u00b0 grado | Viernes 9.30 y 14.15 | 60 minutos\u25cf <strong>Objetivos<\/strong>: Fomentar la capacidad cr\u00edtica y creadora a la hora de pensar una vivienda del ma\u00f1ana |Identificar pautas de uso racional de la energ\u00eda, en pos de un futuro m\u00e1s consciente y respetuoso del medio.<\/p><\/blockquote>\n<p class=\"wp-block-heading\">Entren\u00e1ndonos en Inteligencia Artificial (IA)<\/p>\n<blockquote class=\"wp-block-quote is-layout-flow wp-block-quote-is-layout-flow\"><p>\u25cf <strong>Segundo ciclo de nivel primario<\/strong> y <strong>nivel secundario<\/strong> | Jueves 9.30 y 14.15 | 90 minutos\u25cf <strong>Objetivos<\/strong>: Reconocer las claves del funcionamiento de la inteligencia artificial |Identificar qu\u00e9 es el Deep Learning, cu\u00e1les son los paradigmas de aprendizaje y de entrenamiento de redes neuronales |Explorar diferentes plataformas de IA y sus funcionalidades<\/p><\/blockquote>\n<p class=\"wp-block-heading\">Mundos Inmersivos: dise\u00f1o + realidad aumentada<\/p>\n<blockquote class=\"wp-block-quote is-layout-flow wp-block-quote-is-layout-flow\"><p>\u25cf <strong>Segundo ciclo<\/strong> (nivel primario) y 1 ,2, 3 a\u00f1os (<strong>nivel secundario<\/strong>) |Mi\u00e9rcoles 9.30 y 14.15 | 90 minutos\u25cf <strong>Objetivos<\/strong>: Incorporar conocimientos fundamentales sobre realidad aumentada | Interactuar con modelos 3D digitales en un entorno real| Conocer las herramientas y funciones m\u00e1s importantes comunes a todo software de dise\u00f1o tridimensional y ponerlas en pr\u00e1ctica Estimular el pensamiento creativo y proyectual.<\/p><\/blockquote>\n<p class=\"wp-block-heading\">Experiencias Sonolum\u00ednicas<\/p>\n<blockquote class=\"wp-block-quote is-layout-flow wp-block-quote-is-layout-flow\"><p>\u25cf <strong>Nivel 8 a 13 a\u00f1os<\/strong> | Lunes 9.30 y 14.15 | 90 minutos\u25cf <strong>Objetivos<\/strong>: Estimular a los estudiantes a que busquen, recorran e indaguen en las acciones conjuntas, intereses personales configurados desde los resultados est\u00e9ticos emergentes | Experimentar de forma l\u00fadica la fenomenolog\u00eda de los resultados emp\u00edricos de la electr\u00f3nica. Trabajar sobre la capacidad intuitiva de cada concurrente | Situar en el campo de las artes electr\u00f3nicas, metodolog\u00edas de trabajo acordes a la maduraci\u00f3n de los rangos etarios espec\u00edficos para dicha propuesta.<\/p><\/blockquote>\n<blockquote class=\"wp-block-quote is-layout-flow wp-block-quote-is-layout-flow\"><p>Computer Vision<\/p><\/blockquote>\n<blockquote class=\"wp-block-quote is-layout-flow wp-block-quote-is-layout-flow\"><p>\u25cf <strong>Nivel secundario<\/strong> | Martes 9.30 y 14.15 | 90 minutos\u25cf <strong>Objetivos<\/strong>: Reconocer qu\u00e9 es Computer Vision |Identificar conceptos b\u00e1sicos de la imagen digital: pantalla y pixeles | Programar por c\u00f3digo siguiendo instrucciones b\u00e1sicas del lenguaje \u201cProcessing\u201d |Reconocer sensores |Construcci\u00f3n de los colores en una pantalla.<\/p><\/blockquote>\n<p class=\"wp-block-heading\">Codeando la m\u00fasica<\/p>\n<blockquote class=\"wp-block-quote is-layout-flow wp-block-quote-is-layout-flow\"><p>\u25cf <strong>Nivel secundario<\/strong> | Martes 9.30 y 14.15 | 90 minutos\u25cf <strong>Objetivos<\/strong>: Reconocer qu\u00e9 es ser un VJ |Identificar qu\u00e9 es Live Coding y programaci\u00f3n en tiempo real | Programar en shader |Diferenciar GPU de CPU |Reconocer otros usos de las matem\u00e1ticas: geometr\u00edas simple y compleja |Explorar la conversi\u00f3n de sonido a color.<\/p><\/blockquote>\n<h4 class=\"wp-block-heading\">Para participar de los talleres es necesario inscribirse en la web de la Fundaci\u00f3n, haciendo <a href=\"https:\/\/www.fundaciontelefonica.com.ar\/noticias\/programacion-talleres-2024\/\" target=\"_blank\" rel=\"noreferrer noopener\">click aqu\u00ed<\/a>.<\/h4>\n<p class=\"wp-block-heading\">M\u00e1s propuestas<\/p>\n<p>Las actividades se complementan con las charlas <a href=\"https:\/\/www.fundaciontelefonica.com.ar\/noticias\/protagonistas-virtuales-notas-para-convivir-en-un-mundo-digital\/?pid=8655\"><em>Protagonistas Virtuales Notas para convivir en un mundo digital<\/em><\/a>, una propuesta que busca ense\u00f1ar a los estudiantes a <strong>convivir de manera segura y responsable en un entorno digital<\/strong>, ofreciendo recursos y estrategias para manejarse de forma confiable y efectiva, previniendo problem\u00e1ticas como el <a href=\"https:\/\/www.telefonica.com.ar\/como-prevenir-grooming-campana-movistar-faro-digital\/\"><strong>grooming<\/strong><\/a>, el <a href=\"https:\/\/www.telefonica.com.ar\/escuela-conocimientos-docentes-nuevos-cursos-gratuitos-formacion-fundacion-telefonica-movistar\/\"><strong>ciberbullying<\/strong><\/a>, la <strong>difusi\u00f3n de im\u00e1genes \u00edntimas sin consentimiento<\/strong> y la <strong>adicci\u00f3n a las plataformas de apuestas online<\/strong>.<\/p>\n<p>Adem\u00e1s de los talleres, <strong>Fundaci\u00f3n Telef\u00f3nica Movistar<\/strong> ofrece una serie de visitas guiadas a la muestra <a href=\"https:\/\/www.telefonica.com.ar\/fake-news-exposicion-gratuita-fundacion-telefonica-movistar-argentina\/\"><em><strong>Fake News. El valor de la informaci\u00f3n<\/strong><\/em><\/a>, que propone comprender la complejidad del fen\u00f3meno con el objetivo de identificar distintos tipos de desinformaci\u00f3n, aprender a reconocerlos, combatir su difusi\u00f3n y <strong>contribuir a la alfabetizaci\u00f3n medi\u00e1tica<\/strong>. Las visitas son gratuitas y con previa inscripci\u00f3n haciendo <a href=\"https:\/\/www.fundaciontelefonica.com.ar\/noticias\/visitas-educativas-2024\/?pid=8655\">click aqu\u00ed<\/a>.<\/p>\n<p>La Fundaci\u00f3n tambi\u00e9n brinda una propuesta conjunta para las instituciones educativas de nivel secundario; <strong>invitando a participar en el recorrido guiado de la exposici\u00f3n <\/strong><em><strong>Fake News. El valor de la informaci\u00f3n<\/strong><\/em>, y luego sumarse al taller <em><strong>Entren\u00e1ndonos en IA<\/strong><\/em>, que busca <strong>introducir a los participantes en el mundo de la inteligencia artificial, m\u00e1s espec\u00edficamente en el del machine learning<\/strong>. Las escuelas podr\u00e1n inscribirse ingresando a la web de la <a href=\"https:\/\/www.fundaciontelefonica.com.ar\/noticias\/nueva-propuesta-visita-guiada-y-taller-tecnologico\/?pid=8655\" target=\"_blank\" rel=\"noreferrer noopener\">visita guiada y taller tecnol\u00f3gico<\/a>.<\/p>\n<p>Estas iniciativas reflejan el compromiso de Fundaci\u00f3n Telef\u00f3nica Movistar con la promoci\u00f3n de un mundo digital m\u00e1s inclusivo, brindando propuestas de educaci\u00f3n para el desarrollo de competencias digitales, que acompa\u00f1en a los estudiantes y docentes en un entorno cada vez m\u00e1s digitalizado.<\/p>\n","protected":false},"excerpt":{"rendered":"<p>Fundaci\u00f3n Telef\u00f3nica Movistar inici\u00f3 un nuevo ciclo de talleres tecnol\u00f3gicos y visitas educativas destinadas a alumnos de ciclo primario, secundario y universitario, disponibles hasta noviembre de 2024, de forma gratuita y con cupos limitados. La propuesta busca brindar herramientas que posibiliten el desarrollo de nuevas habilidades y competencias para que los estudiantes se adapten mejor [&hellip;]<\/p>\n","protected":false},"author":2,"featured_media":23746,"comment_status":"closed","ping_status":"open","sticky":false,"template":"","format":"standard","meta":[],"categories":[93,146],"tags":[2362],"wppr_data":{"cwp_meta_box_check":"No"},"_links":{"self":[{"href":"https:\/\/www.notaoficial.com\/s\/wp-json\/wp\/v2\/posts\/23745"}],"collection":[{"href":"https:\/\/www.notaoficial.com\/s\/wp-json\/wp\/v2\/posts"}],"about":[{"href":"https:\/\/www.notaoficial.com\/s\/wp-json\/wp\/v2\/types\/post"}],"author":[{"embeddable":true,"href":"https:\/\/www.notaoficial.com\/s\/wp-json\/wp\/v2\/users\/2"}],"replies":[{"embeddable":true,"href":"https:\/\/www.notaoficial.com\/s\/wp-json\/wp\/v2\/comments?post=23745"}],"version-history":[{"count":1,"href":"https:\/\/www.notaoficial.com\/s\/wp-json\/wp\/v2\/posts\/23745\/revisions"}],"predecessor-version":[{"id":23747,"href":"https:\/\/www.notaoficial.com\/s\/wp-json\/wp\/v2\/posts\/23745\/revisions\/23747"}],"wp:featuredmedia":[{"embeddable":true,"href":"https:\/\/www.notaoficial.com\/s\/wp-json\/wp\/v2\/media\/23746"}],"wp:attachment":[{"href":"https:\/\/www.notaoficial.com\/s\/wp-json\/wp\/v2\/media?parent=23745"}],"wp:term":[{"taxonomy":"category","embeddable":true,"href":"https:\/\/www.notaoficial.com\/s\/wp-json\/wp\/v2\/categories?post=23745"},{"taxonomy":"post_tag","embeddable":true,"href":"https:\/\/www.notaoficial.com\/s\/wp-json\/wp\/v2\/tags?post=23745"}],"curies":[{"name":"wp","href":"https:\/\/api.w.org\/{rel}","templated":true}]}}