{"id":23769,"date":"2024-08-26T23:35:56","date_gmt":"2024-08-27T03:35:56","guid":{"rendered":"https:\/\/www.notaoficial.com\/s\/?p=23769"},"modified":"2024-08-26T23:35:56","modified_gmt":"2024-08-27T03:35:56","slug":"compromiso-de-telefonica-con-brasil","status":"publish","type":"post","link":"https:\/\/www.notaoficial.com\/s\/2024\/08\/26\/compromiso-de-telefonica-con-brasil\/","title":{"rendered":"Compromiso de Telef\u00f3nica con Brasil"},"content":{"rendered":"<p>\u00c1lvarez-Pallete dijo que \u201csiempre es un placer para m\u00ed volver a Brasil, mi segundo hogar, donde crec\u00ed personal y profesionalmente y d\u00f3nde podemos decir con orgullo que Telef\u00f3nica es l\u00edder del mercado con m\u00e1s de 113 millones de clientes\u201d. Adem\u00e1s, el presidente de Telef\u00f3nica a\u00f1adi\u00f3 que \u201cBrasil es uno de los 4 mercados clave de Telefonica y junto con Espa\u00f1a son las dos operaciones que aportan m\u00e1s ingresos, margen y flujo de caja al Grupo\u201d.<\/p>\n<p>Telef\u00f3nica est\u00e1 presente en Brasil desde 1998 y ha sido parte activa de la consolidaci\u00f3n del mercado. A trav\u00e9s de su marca Vivo, disfruta de una posici\u00f3n de liderazgo tanto en clientes como en resultados financieros. A futuro, Telef\u00f3nica quiere seguir ampliando a\u00fan m\u00e1s su base de clientes, seguir desplegando una red diferencial y capturar las oportunidades que ofrece la fibra \u00f3ptica (FTTH) y la compartici\u00f3n de redes.<\/p>\n","protected":false},"excerpt":{"rendered":"<p>\u00c1lvarez-Pallete dijo que \u201csiempre es un placer para m\u00ed volver a Brasil, mi segundo hogar, donde crec\u00ed personal y profesionalmente y d\u00f3nde podemos decir con orgullo que Telef\u00f3nica es l\u00edder del mercado con m\u00e1s de 113 millones de clientes\u201d. Adem\u00e1s, el presidente de Telef\u00f3nica a\u00f1adi\u00f3 que \u201cBrasil es uno de los 4 mercados clave de [&hellip;]<\/p>\n","protected":false},"author":2,"featured_media":23770,"comment_status":"closed","ping_status":"open","sticky":false,"template":"","format":"standard","meta":[],"categories":[93,146,2],"tags":[2362],"wppr_data":{"cwp_meta_box_check":"No"},"_links":{"self":[{"href":"https:\/\/www.notaoficial.com\/s\/wp-json\/wp\/v2\/posts\/23769"}],"collection":[{"href":"https:\/\/www.notaoficial.com\/s\/wp-json\/wp\/v2\/posts"}],"about":[{"href":"https:\/\/www.notaoficial.com\/s\/wp-json\/wp\/v2\/types\/post"}],"author":[{"embeddable":true,"href":"https:\/\/www.notaoficial.com\/s\/wp-json\/wp\/v2\/users\/2"}],"replies":[{"embeddable":true,"href":"https:\/\/www.notaoficial.com\/s\/wp-json\/wp\/v2\/comments?post=23769"}],"version-history":[{"count":1,"href":"https:\/\/www.notaoficial.com\/s\/wp-json\/wp\/v2\/posts\/23769\/revisions"}],"predecessor-version":[{"id":23771,"href":"https:\/\/www.notaoficial.com\/s\/wp-json\/wp\/v2\/posts\/23769\/revisions\/23771"}],"wp:featuredmedia":[{"embeddable":true,"href":"https:\/\/www.notaoficial.com\/s\/wp-json\/wp\/v2\/media\/23770"}],"wp:attachment":[{"href":"https:\/\/www.notaoficial.com\/s\/wp-json\/wp\/v2\/media?parent=23769"}],"wp:term":[{"taxonomy":"category","embeddable":true,"href":"https:\/\/www.notaoficial.com\/s\/wp-json\/wp\/v2\/categories?post=23769"},{"taxonomy":"post_tag","embeddable":true,"href":"https:\/\/www.notaoficial.com\/s\/wp-json\/wp\/v2\/tags?post=23769"}],"curies":[{"name":"wp","href":"https:\/\/api.w.org\/{rel}","templated":true}]}}