{"id":2382,"date":"2018-07-24T18:49:55","date_gmt":"2018-07-24T22:49:55","guid":{"rendered":"http:\/\/www.notaoficial.com\/s\/?p=2382"},"modified":"2018-07-23T10:55:33","modified_gmt":"2018-07-23T14:55:33","slug":"i-jornadas-internacionales-sobre-gestion-y-politicas-culturales","status":"publish","type":"post","link":"https:\/\/www.notaoficial.com\/s\/2018\/07\/24\/i-jornadas-internacionales-sobre-gestion-y-politicas-culturales\/","title":{"rendered":"I Jornadas Internacionales sobre Gesti\u00f3n y Pol\u00edticas culturales"},"content":{"rendered":"<p>La Sala Cabrujas de Cultura Chacao y el teatro del Centro Cultural Chacao ser\u00e1n el epicentro de las I Jornadas Internacionales sobre Gesti\u00f3n y Pol\u00edticas Culturales para la Cooperaci\u00f3n al Desarrollo en Caracas-Venezuela, que se llevar\u00e1n a cabo del 26 al 28 de julio de 2018, en el marco de la Agenda 2030 para el Desarrollo Sostenible aprobada en septiembre de 2015 por la Asamblea General de las Naciones Unidas.<\/p>\n<p>Un ciclo de conferencias, una videoconferencia, una mesa redonda y un arquitour, conforman el programa de estas jornadas, que tienen el prop\u00f3sito de facilitar una amplia reflexi\u00f3n sobre el cuarto objetivo de la Agenda 2030 \u2013que establece \u201cGarantizar una educaci\u00f3n inclusiva, equitativa y de calidad y promover oportunidades de aprendizaje durante toda la vida para todos\u201d\u2013 as\u00ed como tambi\u00e9n, contribuir al conocimiento de esta agenda entre profesionales que se ocupan de la gesti\u00f3n de la cultura y el patrimonio en el pa\u00eds.<\/p>\n<p>Las jornadas se iniciar\u00e1n el jueves 26 de julio a las 9 am en el teatro del Centro Cultural Chacao, en El Rosal, con un programa que incluye las conferencias \u201cPatrimonio Cultural, Universidad y Cooperaci\u00f3n al Desarrollo\u201d, a cargo de Joaqu\u00edn Iba\u00f1ez Montoya, Dr. Arquitecto y Profesor Em\u00e9rito de la Universidad Polit\u00e9cnica de Madrid, a las 10 am; y \u201cEl Papel de la Universidad en la Agenda 2030 para el Desarrollo Sostenible\u201d, a cargo Geovanni Siem, Director del Instituto de Desarrollo Experimental de la Construcci\u00f3n (IDEC) y Coordinador del Proyecto UCV Campus Sustentable, a las 11:30 am.<\/p>\n<p>La agenda del jueves 26 de julio culminar\u00e1 con una conferencia titulada \u201cCooperaci\u00f3n al Desarrollo, Agenda 2030 y ODS\u201d, que tendr\u00e1 lugar en la Sala Cabrujas de Cultura Chacao, en Los Palos Grandes, a las 2 pm, a cargo de Carlos Alberto Gutierrez M, Oficial de Coordinaci\u00f3n de la Oficina del Coordinador Residente del Sistema de las Naciones Unidas en Venezuela, Sistema de Naciones Unidas (SNU).<\/p>\n<p>El viernes 27 de julio, las jornadas se realizar\u00e1n en la Sala Cabrujas de Los Palos Grandes y comenzar\u00e1n a las 9 am con la Video Conferencia \u201cParticipaci\u00f3n de los Agentes Sociales en la promoci\u00f3n de la Cultura y el Desarrollo\u201d, a cargo de Ana Isabel Velasco Rebollo, Presidenta de la Federaci\u00f3n Estatal de Asociaciones de Gestores Culturales (FEAGC) de Espa\u00f1a; mientras que a las 10 am, el Presidente de Consultora en Etica y Responsabilidad Social Empresarial, V\u00edctor Gu\u00e9dez, ofrecer\u00e1 la conferencia \u201cGerencia Cultural y Desarrollo Sostenible \u00bfrelaci\u00f3n, redimensi\u00f3n o consustanciaci\u00f3n?\u201d<\/p>\n<p>El programa del d\u00eda cerrar\u00e1 con una Mesa Redonda a las 11:30 am sobre \u201cGesti\u00f3n y Pol\u00edticas Culturales para la Cooperaci\u00f3n al Desarrollo\u201d, que estar\u00e1 moderada por Jos\u00e9 Luis Figueroa S\u00e1nchez, y contar\u00e1 con la participaci\u00f3n de Rosa Virginia Urdaneta, Presidenta de Cultura Chacao; Karina Zavarce, Gerente General de la Fundaci\u00f3n Bigott; Magaly Garc\u00eda, Gestora Cultural, y Zaida Garc\u00eda Valecillo, Profesora de la UPEL.<\/p>\n<p>El s\u00e1bado 28 de julio se realizar\u00e1 el recorrido \u00abCaracas, de aldea a metr\u00f3poli\u00bb, a cargo de la Asociaci\u00f3n Te Paseo y Te Cuento y de la Delegaci\u00f3n de la Uni\u00f3n Europea en Venezuela.<\/p>\n<p>El p\u00fablico podr\u00e1 asistir a las I Jornadas Internacionales sobre Gesti\u00f3n y Pol\u00edticas Culturales para la Cooperaci\u00f3n al Desarrollo en Caracas-Venezuela, que se realizar\u00e1n del 26 al 28 de julio de 2018, gracias la organizaci\u00f3n conjunta entre Cultura Chacao, Centro Cultural Chacao, Embajada de Espa\u00f1a, Uni\u00f3n Europea, Fundaci\u00f3n Bigott, Libros El Nacional, Archivo Fotograf\u00eda Urbana, Te paseo, y Hotel Pestana.<\/p>\n<p>Las personas interesadas en participar deben inscribirse el jueves 26 de julio a las 8 am en el Centro Cultural Chacao de El Rosal. La inscripci\u00f3n es gratuita.<\/p>\n<p>Mayor informaci\u00f3n puede ser solicitada por la p\u00e1gina web: cultura.chacao.gob.ve, a trav\u00e9s de la cuenta de Twitter: @culturachacao Facebook: culturachacao.org Instagram: culturachacao<\/p>\n","protected":false},"excerpt":{"rendered":"<p>La Sala Cabrujas de Cultura Chacao y el teatro del Centro Cultural Chacao ser\u00e1n el epicentro de las I Jornadas Internacionales sobre Gesti\u00f3n y Pol\u00edticas Culturales para la Cooperaci\u00f3n al Desarrollo en Caracas-Venezuela, que se llevar\u00e1n a cabo del 26 al 28 de julio de 2018, en el marco de la Agenda 2030 para el [&hellip;]<\/p>\n","protected":false},"author":2,"featured_media":2383,"comment_status":"closed","ping_status":"open","sticky":false,"template":"","format":"standard","meta":[],"categories":[274,140,2],"tags":[1131,49,1135,693,277,1143,1132,1139,1138,1134,1141,1133,309,1140,294,1136,1137,15,1142],"wppr_data":[],"_links":{"self":[{"href":"https:\/\/www.notaoficial.com\/s\/wp-json\/wp\/v2\/posts\/2382"}],"collection":[{"href":"https:\/\/www.notaoficial.com\/s\/wp-json\/wp\/v2\/posts"}],"about":[{"href":"https:\/\/www.notaoficial.com\/s\/wp-json\/wp\/v2\/types\/post"}],"author":[{"embeddable":true,"href":"https:\/\/www.notaoficial.com\/s\/wp-json\/wp\/v2\/users\/2"}],"replies":[{"embeddable":true,"href":"https:\/\/www.notaoficial.com\/s\/wp-json\/wp\/v2\/comments?post=2382"}],"version-history":[{"count":1,"href":"https:\/\/www.notaoficial.com\/s\/wp-json\/wp\/v2\/posts\/2382\/revisions"}],"predecessor-version":[{"id":2384,"href":"https:\/\/www.notaoficial.com\/s\/wp-json\/wp\/v2\/posts\/2382\/revisions\/2384"}],"wp:featuredmedia":[{"embeddable":true,"href":"https:\/\/www.notaoficial.com\/s\/wp-json\/wp\/v2\/media\/2383"}],"wp:attachment":[{"href":"https:\/\/www.notaoficial.com\/s\/wp-json\/wp\/v2\/media?parent=2382"}],"wp:term":[{"taxonomy":"category","embeddable":true,"href":"https:\/\/www.notaoficial.com\/s\/wp-json\/wp\/v2\/categories?post=2382"},{"taxonomy":"post_tag","embeddable":true,"href":"https:\/\/www.notaoficial.com\/s\/wp-json\/wp\/v2\/tags?post=2382"}],"curies":[{"name":"wp","href":"https:\/\/api.w.org\/{rel}","templated":true}]}}