{"id":23844,"date":"2024-08-30T23:03:09","date_gmt":"2024-08-31T03:03:09","guid":{"rendered":"https:\/\/www.notaoficial.com\/s\/?p=23844"},"modified":"2024-08-30T23:03:09","modified_gmt":"2024-08-31T03:03:09","slug":"telefonica-premiada-en-los-internacional-stevie-business-awards","status":"publish","type":"post","link":"https:\/\/www.notaoficial.com\/s\/2024\/08\/30\/telefonica-premiada-en-los-internacional-stevie-business-awards\/","title":{"rendered":"Telef\u00f3nica, premiada en los Internacional Stevie Business Awards"},"content":{"rendered":"<p>Telef\u00f3nica se ha alzado con el \u2018Stevie de plata\u2019, en la categor\u00eda de Mejor Reporte Anual galard\u00f3n de los Internacional Stevie Business Awards 2024 (IBAs).<\/p>\n<p>Este premio reconoce la claridad, accesibilidad y precisi\u00f3n del <a href=\"https:\/\/www.telefonica.com\/es\/accionistas-inversores\/informacion-financiera\/informe-anual-integrado-de-gestion\/\">Informe de Gesti\u00f3n y Sostenibilidad de Telef\u00f3nica 2023<\/a> gracias a la digitalizaci\u00f3n de todo el proceso. El reporte ESG comprende el nuevo plan estrat\u00e9gico: GPS (Crecimiento, Rentabilidad y Sostenibilidad) y se adelanta a la nueva normativa incluyendo el an\u00e1lisis de doble materialidad, con los impactos, riesgos y oportunidades (IROs) en cada uno de los temas, alineado con los Est\u00e1ndares Europeos de Reporting de Sostenibilidad.<\/p>\n<p>Los IBAs, denominados \u2018las olimpiadas del trabajo\u2019, cuentan con gran prestigio internacional, habi\u00e9ndose presentado m\u00e1s de 3.700 candidaturas de diferentes organizaciones, de m\u00e1s de 60 pa\u00edses y mercados.<\/p>\n<p>Los ganadores fueron seleccionados tras m\u00e1s de dos meses de evaluaci\u00f3n, bas\u00e1ndose en las puntuaciones de m\u00e1s de 300 profesionales de todo el mundo. La ceremonia de gala de entrega de premios se celebrar\u00e1 en Estambul, el viernes 11 de octubre.<\/p>\n<p>Asimismo, este Informe de Sostenibilidad 2023 de Telef\u00f3nica ha sido igualmente seleccionado como finalista en la 15\u00aa edici\u00f3n de los \u2018Responsible Business Awards\u2019, de Reuters Events, en la categor\u00eda Reporting y Transparencia, de entre m\u00e1s de 700 proyectos presentados de toda la industria, cuyos premiados ser\u00e1n anunciados pr\u00f3ximamente.<\/p>\n","protected":false},"excerpt":{"rendered":"<p>Telef\u00f3nica se ha alzado con el \u2018Stevie de plata\u2019, en la categor\u00eda de Mejor Reporte Anual galard\u00f3n de los Internacional Stevie Business Awards 2024 (IBAs). Este premio reconoce la claridad, accesibilidad y precisi\u00f3n del Informe de Gesti\u00f3n y Sostenibilidad de Telef\u00f3nica 2023 gracias a la digitalizaci\u00f3n de todo el proceso. El reporte ESG comprende el [&hellip;]<\/p>\n","protected":false},"author":2,"featured_media":23845,"comment_status":"closed","ping_status":"open","sticky":false,"template":"","format":"standard","meta":[],"categories":[93],"tags":[2362],"wppr_data":{"cwp_meta_box_check":"No"},"_links":{"self":[{"href":"https:\/\/www.notaoficial.com\/s\/wp-json\/wp\/v2\/posts\/23844"}],"collection":[{"href":"https:\/\/www.notaoficial.com\/s\/wp-json\/wp\/v2\/posts"}],"about":[{"href":"https:\/\/www.notaoficial.com\/s\/wp-json\/wp\/v2\/types\/post"}],"author":[{"embeddable":true,"href":"https:\/\/www.notaoficial.com\/s\/wp-json\/wp\/v2\/users\/2"}],"replies":[{"embeddable":true,"href":"https:\/\/www.notaoficial.com\/s\/wp-json\/wp\/v2\/comments?post=23844"}],"version-history":[{"count":1,"href":"https:\/\/www.notaoficial.com\/s\/wp-json\/wp\/v2\/posts\/23844\/revisions"}],"predecessor-version":[{"id":23846,"href":"https:\/\/www.notaoficial.com\/s\/wp-json\/wp\/v2\/posts\/23844\/revisions\/23846"}],"wp:featuredmedia":[{"embeddable":true,"href":"https:\/\/www.notaoficial.com\/s\/wp-json\/wp\/v2\/media\/23845"}],"wp:attachment":[{"href":"https:\/\/www.notaoficial.com\/s\/wp-json\/wp\/v2\/media?parent=23844"}],"wp:term":[{"taxonomy":"category","embeddable":true,"href":"https:\/\/www.notaoficial.com\/s\/wp-json\/wp\/v2\/categories?post=23844"},{"taxonomy":"post_tag","embeddable":true,"href":"https:\/\/www.notaoficial.com\/s\/wp-json\/wp\/v2\/tags?post=23844"}],"curies":[{"name":"wp","href":"https:\/\/api.w.org\/{rel}","templated":true}]}}