{"id":2392,"date":"2018-07-25T13:21:10","date_gmt":"2018-07-25T17:21:10","guid":{"rendered":"http:\/\/www.notaoficial.com\/s\/?p=2392"},"modified":"2018-07-23T11:27:12","modified_gmt":"2018-07-23T15:27:12","slug":"la-naranja-es-la-fruta-mas-consumida-del-mundo","status":"publish","type":"post","link":"https:\/\/www.notaoficial.com\/s\/2018\/07\/25\/la-naranja-es-la-fruta-mas-consumida-del-mundo\/","title":{"rendered":"La Naranja es la fruta m\u00e1s consumida del mundo"},"content":{"rendered":"<p>De acuerdo con la informaci\u00f3n plasmada en la gu\u00eda \u201cel Libro Naranja\u201d, esta fruta es la m\u00e1s consumida a nivel mundial. Su extraordinario sabor junto a importantes propiedades para mejorar la salud, son algunas de las razones por las que este alimento no puede faltar en la mayor\u00eda de las cocinas.<\/p>\n<p>Los expertos se\u00f1alan que el 85% de las naranjas alrededor de todo el mundo son destinadas para la producci\u00f3n de jugo, natural y pasteurizado. De hecho, de dos litros del concentrado que se consumen a nivel global, un litro es de esta fruta.<\/p>\n<p>Un vaso de esta refrescante bebida puede resultar una fuente de vitamina C perfecta para prevenir y tratar algunas enfermedades, como: la diabetes, el c\u00e1ncer y la hipertensi\u00f3n arterial, tres patolog\u00edas de alto \u00edndice de incidencia y prevalencia en Venezuela.<\/p>\n<p>Mucho m\u00e1s que un simple n\u00e9ctar<\/p>\n<p>Adem\u00e1s de tomarlo, el jugo de naranja puede servir para aportarle brillo y vitalidad al cabello. Solo se debe mezclar con vinagre de manzana, aplicar sobre el cuero cabelludo h\u00famedo, y luego enjuagar.<\/p>\n<p>Por otro lado, la bebida anaranjada tambi\u00e9n se puede untar en la cara para limpiarla y prevenir la aparici\u00f3n de arrugas. Para ello se necesitar\u00e1 remojar una gasa en medio vaso de jugo, y luego masajear el cutis con ello<\/p>\n<p>Ba\u00f1os relajantes, exfoliantes para eliminar la piel muerta y aromaterapia, son otras efectivas aplicaciones del concentrado de naranja. Definitivamente una fusi\u00f3n natural capaz de aportar grandes beneficios cosm\u00e9ticos y saludables, ideales para el bienestar general.<\/p>\n<p>Por ello importantes organizaciones, como Industrias Maros C.A, a trav\u00e9s de su marca Natulac\u00ae, se aseguran de incorporar este elixir de propiedades en su variada gama de n\u00e9ctares, totalmente libres de aditivos, persevantes, grasas y colorantes.<\/p>\n<p>Se consigue en varias presentaciones pr\u00e1cticas, como las botellas moldeadas de vidrio de 250 cc y 1000 cc, envases de aluminio (latas) de 340 cc, Tetra Classic de 250 cm3 (disponible en grupos de tres unidades), y Tetra Brik de un litro, para compartir en familia.<\/p>\n","protected":false},"excerpt":{"rendered":"<p>De acuerdo con la informaci\u00f3n plasmada en la gu\u00eda \u201cel Libro Naranja\u201d, esta fruta es la m\u00e1s consumida a nivel mundial. Su extraordinario sabor junto a importantes propiedades para mejorar la salud, son algunas de las razones por las que este alimento no puede faltar en la mayor\u00eda de las cocinas. Los expertos se\u00f1alan que [&hellip;]<\/p>\n","protected":false},"author":2,"featured_media":2393,"comment_status":"closed","ping_status":"open","sticky":false,"template":"","format":"standard","meta":[],"categories":[93,1156,2],"tags":[1161,1160,1157,1162,1163,1158,1164,847,1165,15,1159],"wppr_data":[],"_links":{"self":[{"href":"https:\/\/www.notaoficial.com\/s\/wp-json\/wp\/v2\/posts\/2392"}],"collection":[{"href":"https:\/\/www.notaoficial.com\/s\/wp-json\/wp\/v2\/posts"}],"about":[{"href":"https:\/\/www.notaoficial.com\/s\/wp-json\/wp\/v2\/types\/post"}],"author":[{"embeddable":true,"href":"https:\/\/www.notaoficial.com\/s\/wp-json\/wp\/v2\/users\/2"}],"replies":[{"embeddable":true,"href":"https:\/\/www.notaoficial.com\/s\/wp-json\/wp\/v2\/comments?post=2392"}],"version-history":[{"count":1,"href":"https:\/\/www.notaoficial.com\/s\/wp-json\/wp\/v2\/posts\/2392\/revisions"}],"predecessor-version":[{"id":2394,"href":"https:\/\/www.notaoficial.com\/s\/wp-json\/wp\/v2\/posts\/2392\/revisions\/2394"}],"wp:featuredmedia":[{"embeddable":true,"href":"https:\/\/www.notaoficial.com\/s\/wp-json\/wp\/v2\/media\/2393"}],"wp:attachment":[{"href":"https:\/\/www.notaoficial.com\/s\/wp-json\/wp\/v2\/media?parent=2392"}],"wp:term":[{"taxonomy":"category","embeddable":true,"href":"https:\/\/www.notaoficial.com\/s\/wp-json\/wp\/v2\/categories?post=2392"},{"taxonomy":"post_tag","embeddable":true,"href":"https:\/\/www.notaoficial.com\/s\/wp-json\/wp\/v2\/tags?post=2392"}],"curies":[{"name":"wp","href":"https:\/\/api.w.org\/{rel}","templated":true}]}}