{"id":23992,"date":"2024-12-07T23:08:16","date_gmt":"2024-12-08T03:08:16","guid":{"rendered":"https:\/\/www.notaoficial.com\/s\/?p=23992"},"modified":"2024-12-07T23:08:16","modified_gmt":"2024-12-08T03:08:16","slug":"rodrigo-guirao-regresa-a-mexico","status":"publish","type":"post","link":"https:\/\/www.notaoficial.com\/s\/2024\/12\/07\/rodrigo-guirao-regresa-a-mexico\/","title":{"rendered":"Rodrigo Guirao regresa a M\u00e9xico"},"content":{"rendered":"<p>Por Eduardo Tob\u00edas Travieso<\/p>\n<p>Luego de co-protagonizar <em>Rub\u00ed, Coraz\u00f3n Guerrero, y Juego de Mentiras,\u00a0<\/em>el reconocido actor argentino\u00a0<a href=\"https:\/\/facebook.us15.list-manage.com\/track\/click?u=d29e05f3cb957969a97f7b89e&amp;id=b4fb132aac&amp;e=48ce6451b1\" target=\"_blank\" rel=\"noopener\" data-saferedirecturl=\"https:\/\/www.google.com\/url?q=https:\/\/facebook.us15.list-manage.com\/track\/click?u%3Dd29e05f3cb957969a97f7b89e%26id%3Db4fb132aac%26e%3D48ce6451b1&amp;source=gmail&amp;ust=1733713491572000&amp;usg=AOvVaw2tXhl6oF77HBCcx_8sDIC_\"><strong>Rodrigo Guirao<\/strong><\/a>\u00a0regresa a M\u00e9xico como protagonista de la nueva telenovela de\u00a0<strong>TelevisaUnivision<\/strong>,\u00a0<a href=\"https:\/\/facebook.us15.list-manage.com\/track\/click?u=d29e05f3cb957969a97f7b89e&amp;id=680fb0de1c&amp;e=48ce6451b1\" target=\"_blank\" rel=\"noopener\" data-saferedirecturl=\"https:\/\/www.google.com\/url?q=https:\/\/facebook.us15.list-manage.com\/track\/click?u%3Dd29e05f3cb957969a97f7b89e%26id%3D680fb0de1c%26e%3D48ce6451b1&amp;source=gmail&amp;ust=1733713491572000&amp;usg=AOvVaw1L3aNFxkpV6nWO_4tM9xMv\"><strong><em>Me Atrevo a Amarte<\/em><\/strong><\/a>, una historia que promete conquistar los corazones de la audiencia. A su lado estar\u00e1 la talentosa actriz\u00a0<a href=\"https:\/\/facebook.us15.list-manage.com\/track\/click?u=d29e05f3cb957969a97f7b89e&amp;id=e719cdb8ce&amp;e=48ce6451b1\" target=\"_blank\" rel=\"noopener\" data-saferedirecturl=\"https:\/\/www.google.com\/url?q=https:\/\/facebook.us15.list-manage.com\/track\/click?u%3Dd29e05f3cb957969a97f7b89e%26id%3De719cdb8ce%26e%3D48ce6451b1&amp;source=gmail&amp;ust=1733713491572000&amp;usg=AOvVaw3kV40Bs8B3q3uagO0UKOg8\"><strong>Kimberly Dos Ramos<\/strong><\/a>, formando una pareja inolvidable en esta apasionante producci\u00f3n.<\/p>\n<p>Bajo la batuta del afamado productor\u00a0<a href=\"https:\/\/facebook.us15.list-manage.com\/track\/click?u=d29e05f3cb957969a97f7b89e&amp;id=0ed43a178e&amp;e=48ce6451b1\" target=\"_blank\" rel=\"noopener\" data-saferedirecturl=\"https:\/\/www.google.com\/url?q=https:\/\/facebook.us15.list-manage.com\/track\/click?u%3Dd29e05f3cb957969a97f7b89e%26id%3D0ed43a178e%26e%3D48ce6451b1&amp;source=gmail&amp;ust=1733713491572000&amp;usg=AOvVaw0W6bWJDuMSejbrjI98cpUI\"><strong>Salvador Mej\u00eda<\/strong><\/a>, responsable de ic\u00f3nicas telenovelas como\u00a0<em>Esmeralda<\/em>,\u00a0<em>El Privilegio de Amar<\/em>,\u00a0<em>La Usurpadora<\/em>, <em>Coraz\u00f3n Guererro, Las Amazonas, La Tempestad,\u00a0<\/em><em>Fuego en la sangre<\/em>,\u00a0<strong><em>Me Atrevo a Amarte<\/em><\/strong>\u00a0se perfila como uno de los grandes estrenos de 2025.<\/p>\n<p>El elenco tambi\u00e9n incluye a figuras de primer nivel, como\u00a0<strong>Marlene Favela<\/strong>, quien dar\u00e1 vida a una villana imponente, y a los destacados actores\u00a0<strong>Karyme Lozano<\/strong>,\u00a0<strong>C\u00e9sar \u00c9vora<\/strong>\u00a0y\u00a0<strong>Horacio Pancheri<\/strong>, quienes aportar\u00e1n su experiencia y carisma a esta ambiciosa producci\u00f3n.<\/p>\n<p><strong>Rodrigo Guirao<\/strong>, quien interpreta a <em>Alejandro S\u00e1nchez-Guerra M\u00e9ndez,<\/em> expres\u00f3 su emoci\u00f3n por este nuevo proyecto:\u00a0<em>\u00abRegresar a M\u00e9xico, un pa\u00eds que siempre me ha recibido con los brazos abiertos, y trabajar en una producci\u00f3n de esta magnitud es un verdadero honor. Salvador Mejia es un gran productor. Estoy seguro de que el p\u00fablico se sentir\u00e1 identificado con esta historia llena de emociones.\u00bb<\/em><\/p>\n<p>Por su parte, <strong>Salvador Mej\u00eda<\/strong> destac\u00f3 la importancia de esta nueva telenovela:\u00a0<em>\u00abEstoy muy contento de anunciar a Rodrigo Guirao como el protagonista masculino de Me Atrevo a Amarte. Su carisma y talento har\u00e1n de esta historia algo especial. \u00bfQui\u00e9n est\u00e1 listo para verlo en acci\u00f3n?\u00bb, <\/em>escribi\u00f3 en las redes sociales.<\/p>\n<p><em><strong>Me Atrevo a Amarte<\/strong><\/em>\u00a0comenzar\u00e1 grabaciones pr\u00f3ximamente y llegar\u00e1 a la pantalla de\u00a0<strong>Las Estrellas<\/strong>\u00a0en 2025 y posteriormente por la cadena <strong>Univision<\/strong> en Estados Unidos,\u00a0prometiendo una combinaci\u00f3n de romance, drama y giros inesperados que mantendr\u00e1n al p\u00fablico al filo de su asiento.<\/p>\n<p>Por Eduardo Tob\u00edas Travieso<\/p>\n","protected":false},"excerpt":{"rendered":"<p>Por Eduardo Tob\u00edas Travieso Luego de co-protagonizar Rub\u00ed, Coraz\u00f3n Guerrero, y Juego de Mentiras,\u00a0el reconocido actor argentino\u00a0Rodrigo Guirao\u00a0regresa a M\u00e9xico como protagonista de la nueva telenovela de\u00a0TelevisaUnivision,\u00a0Me Atrevo a Amarte, una historia que promete conquistar los corazones de la audiencia. A su lado estar\u00e1 la talentosa actriz\u00a0Kimberly Dos Ramos, formando una pareja inolvidable en esta [&hellip;]<\/p>\n","protected":false},"author":2,"featured_media":23993,"comment_status":"closed","ping_status":"open","sticky":false,"template":"","format":"standard","meta":[],"categories":[93,463,146],"tags":[10600,10169],"wppr_data":{"cwp_meta_box_check":"No"},"_links":{"self":[{"href":"https:\/\/www.notaoficial.com\/s\/wp-json\/wp\/v2\/posts\/23992"}],"collection":[{"href":"https:\/\/www.notaoficial.com\/s\/wp-json\/wp\/v2\/posts"}],"about":[{"href":"https:\/\/www.notaoficial.com\/s\/wp-json\/wp\/v2\/types\/post"}],"author":[{"embeddable":true,"href":"https:\/\/www.notaoficial.com\/s\/wp-json\/wp\/v2\/users\/2"}],"replies":[{"embeddable":true,"href":"https:\/\/www.notaoficial.com\/s\/wp-json\/wp\/v2\/comments?post=23992"}],"version-history":[{"count":1,"href":"https:\/\/www.notaoficial.com\/s\/wp-json\/wp\/v2\/posts\/23992\/revisions"}],"predecessor-version":[{"id":23994,"href":"https:\/\/www.notaoficial.com\/s\/wp-json\/wp\/v2\/posts\/23992\/revisions\/23994"}],"wp:featuredmedia":[{"embeddable":true,"href":"https:\/\/www.notaoficial.com\/s\/wp-json\/wp\/v2\/media\/23993"}],"wp:attachment":[{"href":"https:\/\/www.notaoficial.com\/s\/wp-json\/wp\/v2\/media?parent=23992"}],"wp:term":[{"taxonomy":"category","embeddable":true,"href":"https:\/\/www.notaoficial.com\/s\/wp-json\/wp\/v2\/categories?post=23992"},{"taxonomy":"post_tag","embeddable":true,"href":"https:\/\/www.notaoficial.com\/s\/wp-json\/wp\/v2\/tags?post=23992"}],"curies":[{"name":"wp","href":"https:\/\/api.w.org\/{rel}","templated":true}]}}