{"id":24008,"date":"2024-12-08T23:50:12","date_gmt":"2024-12-09T03:50:12","guid":{"rendered":"https:\/\/www.notaoficial.com\/s\/?p=24008"},"modified":"2024-12-08T23:50:12","modified_gmt":"2024-12-09T03:50:12","slug":"djane-diana-manuitt-la-nueva-sensacion-del-djing","status":"publish","type":"post","link":"https:\/\/www.notaoficial.com\/s\/2024\/12\/08\/djane-diana-manuitt-la-nueva-sensacion-del-djing\/","title":{"rendered":"Djane Diana Manuitt: La Nueva Sensaci\u00f3n del Djing"},"content":{"rendered":"<p>Djane Diana Manuitt, la joven y talentosa djane anuncia su regreso a Venezuela despu\u00e9s de una exitosa experiencia en Espa\u00f1a y recientemente en Colombia, donde perfeccion\u00f3 su estilo y energ\u00eda en los escenarios de estos pa\u00edses.<\/p>\n<p>Nacida en Guarenas, Venezuela, Diana Manuitt es una apasionada de la m\u00fasica electr\u00f3nica y la psicolog\u00eda. De signo zodiacal Piscis, su conexi\u00f3n con la m\u00fasica es profunda y emocional. Despu\u00e9s de estudiar psicolog\u00eda y residir en Espa\u00f1a, donde particip\u00f3 en eventos de turismo, conectando con diferentes nacionalidades en Ibiza, Diana regres\u00f3 a Venezuela para seguir estudiando y perfeccionar su arte.<\/p>\n<p>Diana se caracteriza por su estilo ecl\u00e9ctico y energ\u00e9tico, fusionando ritmos electr\u00f3nicos innovadores con una presencia carism\u00e1tica en la cabina. Su conexi\u00f3n con el p\u00fablico es instant\u00e1nea, haciendo que todos se sientan libres y felices en la pista de baile.<\/p>\n<p>La joven artista se encuentra en preparaci\u00f3n de una serie de eventos y conciertos en Venezuela, donde presentar\u00e1 su nuevo estilo y energ\u00eda. Adem\u00e1s, est\u00e1 trabajando en colaboraciones con otros artistas y productores locales e internacionales.<\/p>\n<p>\u00abEstoy emocionada de regresar a Venezuela y compartir mi pasi\u00f3n por la m\u00fasica electr\u00f3nica con mi gente. Quiero conectar con las personas y hacer que se sientan libres y felices a trav\u00e9s de mi arte\u00bb &#8211; \u00a0afirm\u00f3 Djane Diana Manuitt<\/p>\n<p>Manager Eduardo Alvarado<\/p>\n<p>Jefe de prensa: Lcdo. \u00c1ngel Rojas<\/p>\n<p><em>Contacto<\/em><\/p>\n<p><em>Para m\u00e1s informaci\u00f3n y booking, por favor contactar a\u00a0<a href=\"mailto:eduardomanager2025@gmail.com\">eduardomanager2025@gmail.com<\/a>\u00a0@eduardomanager<\/em><em>\u00a0<\/em><\/p>\n<p><em>Redes Sociales<\/em><\/p>\n<p><em>Sigue a Djane Diana Manuitt en:<\/em><em>\u00a0<\/em><\/p>\n<p><em>Instagram: @manuittdiana<\/em><\/p>\n<p><em>Facebook: @manuittdiana<\/em><\/p>\n<p><em>Twitter: @manuittdiana<\/em><\/p>\n","protected":false},"excerpt":{"rendered":"<p>Djane Diana Manuitt, la joven y talentosa djane anuncia su regreso a Venezuela despu\u00e9s de una exitosa experiencia en Espa\u00f1a y recientemente en Colombia, donde perfeccion\u00f3 su estilo y energ\u00eda en los escenarios de estos pa\u00edses. Nacida en Guarenas, Venezuela, Diana Manuitt es una apasionada de la m\u00fasica electr\u00f3nica y la psicolog\u00eda. De signo zodiacal [&hellip;]<\/p>\n","protected":false},"author":2,"featured_media":24009,"comment_status":"closed","ping_status":"open","sticky":false,"template":"","format":"standard","meta":[],"categories":[93,146,2],"tags":[9563,1176],"wppr_data":{"cwp_meta_box_check":"No"},"_links":{"self":[{"href":"https:\/\/www.notaoficial.com\/s\/wp-json\/wp\/v2\/posts\/24008"}],"collection":[{"href":"https:\/\/www.notaoficial.com\/s\/wp-json\/wp\/v2\/posts"}],"about":[{"href":"https:\/\/www.notaoficial.com\/s\/wp-json\/wp\/v2\/types\/post"}],"author":[{"embeddable":true,"href":"https:\/\/www.notaoficial.com\/s\/wp-json\/wp\/v2\/users\/2"}],"replies":[{"embeddable":true,"href":"https:\/\/www.notaoficial.com\/s\/wp-json\/wp\/v2\/comments?post=24008"}],"version-history":[{"count":1,"href":"https:\/\/www.notaoficial.com\/s\/wp-json\/wp\/v2\/posts\/24008\/revisions"}],"predecessor-version":[{"id":24010,"href":"https:\/\/www.notaoficial.com\/s\/wp-json\/wp\/v2\/posts\/24008\/revisions\/24010"}],"wp:featuredmedia":[{"embeddable":true,"href":"https:\/\/www.notaoficial.com\/s\/wp-json\/wp\/v2\/media\/24009"}],"wp:attachment":[{"href":"https:\/\/www.notaoficial.com\/s\/wp-json\/wp\/v2\/media?parent=24008"}],"wp:term":[{"taxonomy":"category","embeddable":true,"href":"https:\/\/www.notaoficial.com\/s\/wp-json\/wp\/v2\/categories?post=24008"},{"taxonomy":"post_tag","embeddable":true,"href":"https:\/\/www.notaoficial.com\/s\/wp-json\/wp\/v2\/tags?post=24008"}],"curies":[{"name":"wp","href":"https:\/\/api.w.org\/{rel}","templated":true}]}}