{"id":2415,"date":"2018-07-26T19:05:06","date_gmt":"2018-07-26T23:05:06","guid":{"rendered":"http:\/\/www.notaoficial.com\/s\/?p=2415"},"modified":"2018-07-23T12:08:29","modified_gmt":"2018-07-23T16:08:29","slug":"andres-mata-debuta-con-guayoyo","status":"publish","type":"post","link":"https:\/\/www.notaoficial.com\/s\/2018\/07\/26\/andres-mata-debuta-con-guayoyo\/","title":{"rendered":"Andr\u00e9s Mata debuta con \u201cGuayoyo\u201d"},"content":{"rendered":"<p>Bajo el g\u00e9nero latin soul, donde la percusi\u00f3n juega un papel protag\u00f3nico, el cantautor venezolano Andr\u00e9s Mata debuta como solista, con el sencillo \u201cGuayoyo\u201d, que estar\u00e1 disponible desde este lunes 16 de julio a trav\u00e9s de las plataformas digitales.<\/p>\n<p>El tema, con sonidos funk, escrito hace un a\u00f1o en playa Parguito, Isla de Margarita, plantea una conversaci\u00f3n con una mujer. \u201cLa idea conceptual y central es ese momento donde te encuentras a esa persona que al verla por primera vez no quisieras sacarla de tu vida en ning\u00fan momento, y te muestras tal y como eres. Como relata la canci\u00f3n, quieres incluirla en todos los planes y situaciones que te hacen feliz, para poder sumarle as\u00ed a\u00fan m\u00e1s felicidad\u201d, afirma.<\/p>\n<p>El promocional fue grabado hace unos meses junto a otros nueve temas, que ir\u00e1 dando a conocer mensualmente en Nueva York, bajo la producci\u00f3n de Jos\u00e9 Luis Pardo (Dj Afro), ex guitarrista de Los Amigos Invisibles.<\/p>\n<p>\u201cGuayoyo\u201d estar\u00e1 respaldado por un video playero, que se grab\u00f3 en el estudio de la Universidad Sim\u00f3n Bol\u00edvar, producido por Paradiso Entertainment y dirigido por Cacho D\u00edaz.<\/p>\n<p>\u201cMucha playa y buena vibra es lo que quiero presentar como propuesta musical\u201d, destaca el m\u00fasico, quien fue cantante de Grupo Peper, proyecto pop que comparti\u00f3 hace unos a\u00f1os con Armando Carmona.<\/p>\n<p>Durante su carrera musical, Andr\u00e9s Mata, aparte de tocar en varios lugares del pa\u00eds ha logrado presentarse en Colombia, Panam\u00e1, Rep\u00fablica Dominicana, Espa\u00f1a y Estados Unidos.<\/p>\n<p>En los pr\u00f3ximos d\u00edas viajar\u00e1 a Miami para presentarse en el programa de George Harris y tambi\u00e9n para la grabaci\u00f3n del video de \u201cSe\u00f1orita\u201d, canci\u00f3n que dar\u00e1 a conocer entre finales de agosto y comienzos de septiembre, meses en los que estar\u00eda concretando cantar en Buenos Aires y Santiago de Chile.<\/p>\n<p>Para mayor informaci\u00f3n @_andresmata.<\/p>\n","protected":false},"excerpt":{"rendered":"<p>Bajo el g\u00e9nero latin soul, donde la percusi\u00f3n juega un papel protag\u00f3nico, el cantautor venezolano Andr\u00e9s Mata debuta como solista, con el sencillo \u201cGuayoyo\u201d, que estar\u00e1 disponible desde este lunes 16 de julio a trav\u00e9s de las plataformas digitales. El tema, con sonidos funk, escrito hace un a\u00f1o en playa Parguito, Isla de Margarita, plantea [&hellip;]<\/p>\n","protected":false},"author":2,"featured_media":2416,"comment_status":"closed","ping_status":"open","sticky":false,"template":"","format":"standard","meta":[],"categories":[463,2],"tags":[1213,1223,207,1222,28,1218,256,255,1225,1224,1214,1216,1217,1212,1219,86,1220,1215,468,1227,1226,1221],"wppr_data":[],"_links":{"self":[{"href":"https:\/\/www.notaoficial.com\/s\/wp-json\/wp\/v2\/posts\/2415"}],"collection":[{"href":"https:\/\/www.notaoficial.com\/s\/wp-json\/wp\/v2\/posts"}],"about":[{"href":"https:\/\/www.notaoficial.com\/s\/wp-json\/wp\/v2\/types\/post"}],"author":[{"embeddable":true,"href":"https:\/\/www.notaoficial.com\/s\/wp-json\/wp\/v2\/users\/2"}],"replies":[{"embeddable":true,"href":"https:\/\/www.notaoficial.com\/s\/wp-json\/wp\/v2\/comments?post=2415"}],"version-history":[{"count":1,"href":"https:\/\/www.notaoficial.com\/s\/wp-json\/wp\/v2\/posts\/2415\/revisions"}],"predecessor-version":[{"id":2417,"href":"https:\/\/www.notaoficial.com\/s\/wp-json\/wp\/v2\/posts\/2415\/revisions\/2417"}],"wp:featuredmedia":[{"embeddable":true,"href":"https:\/\/www.notaoficial.com\/s\/wp-json\/wp\/v2\/media\/2416"}],"wp:attachment":[{"href":"https:\/\/www.notaoficial.com\/s\/wp-json\/wp\/v2\/media?parent=2415"}],"wp:term":[{"taxonomy":"category","embeddable":true,"href":"https:\/\/www.notaoficial.com\/s\/wp-json\/wp\/v2\/categories?post=2415"},{"taxonomy":"post_tag","embeddable":true,"href":"https:\/\/www.notaoficial.com\/s\/wp-json\/wp\/v2\/tags?post=2415"}],"curies":[{"name":"wp","href":"https:\/\/api.w.org\/{rel}","templated":true}]}}