{"id":2418,"date":"2018-07-27T08:09:19","date_gmt":"2018-07-27T12:09:19","guid":{"rendered":"http:\/\/www.notaoficial.com\/s\/?p=2418"},"modified":"2018-07-23T12:12:42","modified_gmt":"2018-07-23T16:12:42","slug":"alimenta-la-solidaridad-crea-una-red-de-panas-solidarios","status":"publish","type":"post","link":"https:\/\/www.notaoficial.com\/s\/2018\/07\/27\/alimenta-la-solidaridad-crea-una-red-de-panas-solidarios\/","title":{"rendered":"Alimenta La Solidaridad crea una red de \u201cpanas solidarios\u201d"},"content":{"rendered":"<p>La organizaci\u00f3n Alimenta La Solidaridad, que desarrolla soluciones sostenibles a los problemas alimenticios de las familias del pa\u00eds, en el marco de sus dos a\u00f1os de fundaci\u00f3n, ha creado una red de embajadores para difundir el mensaje de empoderamiento comunitario.<\/p>\n<p>La iniciativa \u201cPanas solidarios\u201d, busca conformar a personalidades que tengan influencia en sus espacios de acci\u00f3n, para que tras vivir la experiencia en cualquiera de los 43 comedores, ubicados en el Distrito Capital y en los estados Anzo\u00e1tegui, Aragua, Carabobo, Lara, M\u00e9rida, Miranda, Portuguesa y Vargas, donde se alimentan 4.150 ni\u00f1os, se conviertan en promotores de Alimenta La Solidaridad. Tambi\u00e9n la idea es que estos panas generen actividades, que aporten culturalmente a las personas que participan o hacen vida en esta organizaci\u00f3n.<\/p>\n<p>Este 19 de julio, para festejar esos dos a\u00f1os, se realizar\u00e1 una actividad en el comedor del sector Las Casitas, en la parte alta de La Vega (Caracas), donde las mam\u00e1s de la comunidad preparar\u00e1n un men\u00fa especial y diferentes actividades recreativas para los ni\u00f1os.<\/p>\n<p>Alimenta La Solidaridad pretende que cada dos viernes al mes, estos embajadores de las distintas regiones del pa\u00eds, visiten simult\u00e1neamente los comedores para generar actividades. Estos lugares funcionan gracias al trabajo de las madres que all\u00ed habitan. Actualmente, han sido m\u00e1s de 500 las involucradas en el trabajo voluntario. Esto permite que los ni\u00f1os crezcan en mejores condiciones y les brinda a ellas la oportunidad de formarse y tomar el poder del desarrollo de sus comunidades con trabajo y constancia.<\/p>\n","protected":false},"excerpt":{"rendered":"<p>La organizaci\u00f3n Alimenta La Solidaridad, que desarrolla soluciones sostenibles a los problemas alimenticios de las familias del pa\u00eds, en el marco de sus dos a\u00f1os de fundaci\u00f3n, ha creado una red de embajadores para difundir el mensaje de empoderamiento comunitario. La iniciativa \u201cPanas solidarios\u201d, busca conformar a personalidades que tengan influencia en sus espacios de [&hellip;]<\/p>\n","protected":false},"author":2,"featured_media":2419,"comment_status":"closed","ping_status":"open","sticky":false,"template":"","format":"standard","meta":[],"categories":[1228,126,2],"tags":[1229,1231,1232,270,49,1236,433,1235,1233,472,1230,1234,325],"wppr_data":[],"_links":{"self":[{"href":"https:\/\/www.notaoficial.com\/s\/wp-json\/wp\/v2\/posts\/2418"}],"collection":[{"href":"https:\/\/www.notaoficial.com\/s\/wp-json\/wp\/v2\/posts"}],"about":[{"href":"https:\/\/www.notaoficial.com\/s\/wp-json\/wp\/v2\/types\/post"}],"author":[{"embeddable":true,"href":"https:\/\/www.notaoficial.com\/s\/wp-json\/wp\/v2\/users\/2"}],"replies":[{"embeddable":true,"href":"https:\/\/www.notaoficial.com\/s\/wp-json\/wp\/v2\/comments?post=2418"}],"version-history":[{"count":1,"href":"https:\/\/www.notaoficial.com\/s\/wp-json\/wp\/v2\/posts\/2418\/revisions"}],"predecessor-version":[{"id":2420,"href":"https:\/\/www.notaoficial.com\/s\/wp-json\/wp\/v2\/posts\/2418\/revisions\/2420"}],"wp:featuredmedia":[{"embeddable":true,"href":"https:\/\/www.notaoficial.com\/s\/wp-json\/wp\/v2\/media\/2419"}],"wp:attachment":[{"href":"https:\/\/www.notaoficial.com\/s\/wp-json\/wp\/v2\/media?parent=2418"}],"wp:term":[{"taxonomy":"category","embeddable":true,"href":"https:\/\/www.notaoficial.com\/s\/wp-json\/wp\/v2\/categories?post=2418"},{"taxonomy":"post_tag","embeddable":true,"href":"https:\/\/www.notaoficial.com\/s\/wp-json\/wp\/v2\/tags?post=2418"}],"curies":[{"name":"wp","href":"https:\/\/api.w.org\/{rel}","templated":true}]}}