{"id":24242,"date":"2025-01-02T23:59:30","date_gmt":"2025-01-03T03:59:30","guid":{"rendered":"https:\/\/www.notaoficial.com\/s\/?p=24242"},"modified":"2025-01-02T23:59:30","modified_gmt":"2025-01-03T03:59:30","slug":"pierre-la-voz-gana-el-premio-influencia-en-canada","status":"publish","type":"post","link":"https:\/\/www.notaoficial.com\/s\/2025\/01\/02\/pierre-la-voz-gana-el-premio-influencia-en-canada\/","title":{"rendered":"Pierre La Voz gana el Premio Influencia en Canad\u00e1"},"content":{"rendered":"<p dir=\"ltr\"><span style=\"font-size: large;\"><a href=\"https:\/\/www.instagram.com\/pierrelavoz\/\" target=\"_blank\" rel=\"noopener\" data-saferedirecturl=\"https:\/\/www.google.com\/url?q=https:\/\/www.instagram.com\/pierrelavoz\/&amp;source=gmail&amp;ust=1735962683973000&amp;usg=AOvVaw1rlQEvMokSbHKtdjS-rlFQ\">Pierre La Voz<\/a>, el talentoso cantante y compositor de ra\u00edces latinas, ha sido galardonado con el prestigioso Premio Influencia en Toronto, Canad\u00e1 celebrado el pasado 13 de abril del presente a\u00f1o, en la categor\u00eda M\u00fasico Influencia, este reconocimiento que celebra a las figuras m\u00e1s influyentes de la industria musical. Este premio subraya la destacada carrera de Pierre y su impacto en la cultura musical latinoamericana, convirti\u00e9ndolo en un artista emergente de gran realce.<\/span><\/p>\n<p dir=\"ltr\"><span style=\"font-size: large;\">Pierre La Voz, cuyo estilo fusiona ritmos latinos, pop y baladas, ha conquistado una audiencia diversa y ha logrado un n\u00famero significativo de seguidores en diferentes partes del mundo. Con su m\u00fasica, el artista busca romper barreras y acercar culturas, proyectando su mensaje de inclusi\u00f3n y resiliencia.\u00a0<\/span><\/p>\n<p dir=\"ltr\"><span style=\"font-size: large;\">Pierre como un artista emergente ha lanzado exitosos sencillos que han escalado r\u00e1pidamente en las listas de popularidad y han resonado con personas de diferentes or\u00edgenes y edades.<\/span><\/p>\n<p dir=\"ltr\"><span style=\"font-size: large;\">El Premio Influencia reconoce el \u00e9xito e impacto del artista y su capacidad para conectarse emocionalmente con sus seguidores a trav\u00e9s de letras profundas y una presencia aut\u00e9ntica.\u00a0<\/span><\/p>\n<p dir=\"ltr\"><span style=\"font-size: large;\">Al recibir este premio, Pierre expres\u00f3 su agradecimiento \u201cMuchas gracias, estamos rompiendo, M\u00e9xico, Colombia, Venezuela a todos los latinos arriba Canad\u00e1, bendiciones, gracias\u201d.<\/span><\/p>\n<p dir=\"ltr\"><span style=\"font-size: large;\">El \u00e9xito de Pierre La Voz y su compromiso con la comunidad latina son una muestra de c\u00f3mo la m\u00fasica puede ser una fuerza poderosa para la uni\u00f3n y el cambio. Se espera que el pr\u00f3ximo a\u00f1o, el cantante siga deleitando al p\u00fablico con nuevos hit y con colaboraciones con artistas de renombre internacional, una se\u00f1al m\u00e1s de que su influencia contin\u00faa creciendo.<\/span><\/p>\n<p dir=\"ltr\"><a href=\"https:\/\/www.youtube.com\/watch?v=adPgTuMcRaI\" target=\"_blank\" rel=\"noopener\" data-saferedirecturl=\"https:\/\/www.google.com\/url?q=https:\/\/www.youtube.com\/watch?v%3DadPgTuMcRaI&amp;source=gmail&amp;ust=1735962683973000&amp;usg=AOvVaw0nfrg0zxyHJyTIL5VPKIO-\"><span style=\"font-size: large;\">https:\/\/www.youtube.com\/watch?<wbr \/>v=adPgTuMcRaI<\/span><\/a><\/p>\n<p dir=\"ltr\"><span style=\"font-size: large;\">Conoce m\u00e1s de Pierre La Voz en sus plataformas digitales:<\/span><\/p>\n<p dir=\"ltr\"><a href=\"https:\/\/instagram.com\/PierreLaVoz\" target=\"_blank\" rel=\"noopener\" data-saferedirecturl=\"https:\/\/www.google.com\/url?q=https:\/\/instagram.com\/PierreLaVoz&amp;source=gmail&amp;ust=1735962683973000&amp;usg=AOvVaw1NJCfWDhJjbX3cl39a9gMe\"><span style=\"font-size: large;\">https:\/\/instagram.com\/<wbr \/>PierreLaVoz<\/span><\/a><\/p>\n<p dir=\"ltr\"><a href=\"https:\/\/tiktok.com\/@iamlavoz\" target=\"_blank\" rel=\"noopener\" data-saferedirecturl=\"https:\/\/www.google.com\/url?q=https:\/\/tiktok.com\/@iamlavoz&amp;source=gmail&amp;ust=1735962683973000&amp;usg=AOvVaw2lt3xCSqaGNXr-reXo46oi\"><span style=\"font-size: large;\">https:\/\/tiktok.com\/@iamlavoz<\/span><\/a><\/p>\n<p dir=\"ltr\"><a href=\"https:\/\/facebook.com\/PierreLaVozOficial\" target=\"_blank\" rel=\"noopener\" data-saferedirecturl=\"https:\/\/www.google.com\/url?q=https:\/\/facebook.com\/PierreLaVozOficial&amp;source=gmail&amp;ust=1735962683973000&amp;usg=AOvVaw12xcQqbaOFE9lzJbpYXN9T\"><span style=\"font-size: large;\">https:\/\/facebook.com\/<wbr \/>PierreLaVozOficial<\/span><\/a><\/p>\n","protected":false},"excerpt":{"rendered":"<p>Pierre La Voz, el talentoso cantante y compositor de ra\u00edces latinas, ha sido galardonado con el prestigioso Premio Influencia en Toronto, Canad\u00e1 celebrado el pasado 13 de abril del presente a\u00f1o, en la categor\u00eda M\u00fasico Influencia, este reconocimiento que celebra a las figuras m\u00e1s influyentes de la industria musical. Este premio subraya la destacada carrera [&hellip;]<\/p>\n","protected":false},"author":2,"featured_media":24243,"comment_status":"closed","ping_status":"open","sticky":false,"template":"","format":"standard","meta":[],"categories":[93,463,146],"tags":[2384,381],"wppr_data":{"cwp_meta_box_check":"No"},"_links":{"self":[{"href":"https:\/\/www.notaoficial.com\/s\/wp-json\/wp\/v2\/posts\/24242"}],"collection":[{"href":"https:\/\/www.notaoficial.com\/s\/wp-json\/wp\/v2\/posts"}],"about":[{"href":"https:\/\/www.notaoficial.com\/s\/wp-json\/wp\/v2\/types\/post"}],"author":[{"embeddable":true,"href":"https:\/\/www.notaoficial.com\/s\/wp-json\/wp\/v2\/users\/2"}],"replies":[{"embeddable":true,"href":"https:\/\/www.notaoficial.com\/s\/wp-json\/wp\/v2\/comments?post=24242"}],"version-history":[{"count":1,"href":"https:\/\/www.notaoficial.com\/s\/wp-json\/wp\/v2\/posts\/24242\/revisions"}],"predecessor-version":[{"id":24244,"href":"https:\/\/www.notaoficial.com\/s\/wp-json\/wp\/v2\/posts\/24242\/revisions\/24244"}],"wp:featuredmedia":[{"embeddable":true,"href":"https:\/\/www.notaoficial.com\/s\/wp-json\/wp\/v2\/media\/24243"}],"wp:attachment":[{"href":"https:\/\/www.notaoficial.com\/s\/wp-json\/wp\/v2\/media?parent=24242"}],"wp:term":[{"taxonomy":"category","embeddable":true,"href":"https:\/\/www.notaoficial.com\/s\/wp-json\/wp\/v2\/categories?post=24242"},{"taxonomy":"post_tag","embeddable":true,"href":"https:\/\/www.notaoficial.com\/s\/wp-json\/wp\/v2\/tags?post=24242"}],"curies":[{"name":"wp","href":"https:\/\/api.w.org\/{rel}","templated":true}]}}