{"id":24251,"date":"2025-01-03T00:25:13","date_gmt":"2025-01-03T04:25:13","guid":{"rendered":"https:\/\/www.notaoficial.com\/s\/?p=24251"},"modified":"2025-01-04T23:47:20","modified_gmt":"2025-01-05T03:47:20","slug":"dictadura-lo-nuevo-de-mr-don-junto-a-derekvinci-y-el-tiguere","status":"publish","type":"post","link":"https:\/\/www.notaoficial.com\/s\/2025\/01\/03\/dictadura-lo-nuevo-de-mr-don-junto-a-derekvinci-y-el-tiguere\/","title":{"rendered":"\u00abDictadura\u00bb lo nuevo de Mr. Don junto a DerekVinci y El Tiguere"},"content":{"rendered":"<p><span style=\"font-size: large;\">La discogr\u00e1fica<b>\u00a0<a href=\"https:\/\/www.instagram.com\/eqsmusica\/\" target=\"_blank\" rel=\"noopener\" data-saferedirecturl=\"https:\/\/www.google.com\/url?q=https:\/\/www.instagram.com\/eqsmusica\/&amp;source=gmail&amp;ust=1736050187404000&amp;usg=AOvVaw0LOfBVedFtZ8VFaPlq2wen\">EQS M\u00fasica<\/a><\/b>, l\u00edder en el g\u00e9nero de bachata en Am\u00e9rica y Europa, se complace en anunciar el lanzamiento del nuevo sencillo\u00a0<strong>\u201cDICTADURA\u201d<\/strong>\u00a0de<a href=\"https:\/\/www.instagram.com\/mrdon_official\/\" target=\"_blank\" rel=\"noopener\" data-saferedirecturl=\"https:\/\/www.google.com\/url?q=https:\/\/www.instagram.com\/mrdon_official\/&amp;source=gmail&amp;ust=1736050187404000&amp;usg=AOvVaw0VJuOIKX7roHmPjhVCrw_T\">\u00a0<strong>Mr. Don<\/strong><\/a>, en colaboraci\u00f3n con el reconocido productor\u00a0<strong><a href=\"https:\/\/www.instagram.com\/derekvinci\/\" target=\"_blank\" rel=\"noopener\" data-saferedirecturl=\"https:\/\/www.google.com\/url?q=https:\/\/www.instagram.com\/derekvinci\/&amp;source=gmail&amp;ust=1736050187404000&amp;usg=AOvVaw0T2ZMTXTnTFEXXA-Q97QkS\">DerekVinci<\/a><\/strong>, los reconocidos bailarines<a href=\"https:\/\/www.instagram.com\/marcoysaraoficial\/\" target=\"_blank\" rel=\"noopener\" data-saferedirecturl=\"https:\/\/www.google.com\/url?q=https:\/\/www.instagram.com\/marcoysaraoficial\/&amp;source=gmail&amp;ust=1736050187404000&amp;usg=AOvVaw0_AYdow8cYiCQc6FOb4evi\">\u00a0<strong>Marco y Sara<\/strong><\/a>, y la participaci\u00f3n especial de\u00a0<strong><a href=\"https:\/\/www.instagram.com\/eltigueremambo\/\" target=\"_blank\" rel=\"noopener\" data-saferedirecturl=\"https:\/\/www.google.com\/url?q=https:\/\/www.instagram.com\/eltigueremambo\/&amp;source=gmail&amp;ust=1736050187404000&amp;usg=AOvVaw2eXkdjsY20g0zarWlY_z0E\">El Tiguere<\/a><\/strong>.<\/span><\/p>\n<p><span style=\"font-size: large;\">Este nuevo tema destaca por su estilo tradicional de\u00a0<strong>bachata<\/strong>, un homenaje a los sonidos aut\u00e9nticos de la\u00a0<strong>Rep\u00fablica Dominicana<\/strong>. Con ritmos y melod\u00edas que evocan las ra\u00edces m\u00e1s profundas de la bachata,<b>\u00a0\u00abDICTADURA\u00bb<\/b>\u00a0es una muestra de la cultura musical dominicana, repleta de pasi\u00f3n y sensualidad.<\/span><\/p>\n<p><span style=\"font-size: large;\">El sencillo forma parte del pr\u00f3ximo \u00e1lbum\u00a0<strong>Sensual Bachata<\/strong>, una obra en la que\u00a0<strong>DerekVinci<\/strong>\u00a0y\u00a0<strong>El Tiguere<\/strong>\u00a0han trabajado meticulosamente para capturar la esencia de la\u00a0<strong>bachata tradicional<\/strong>. Este \u00e1lbum busca devolver el protagonismo a los sonidos cl\u00e1sicos del g\u00e9nero, mientras lo mezcla con influencias contempor\u00e1neas para atraer tanto a los amantes de la bachata de siempre como a las nuevas generaciones.<\/span><\/p>\n<p><span style=\"font-size: large;\"><a href=\"https:\/\/youtu.be\/wr44b9Jh0D4?si=4WuD738TpwjADqXx\" target=\"_blank\" rel=\"noopener\" data-saferedirecturl=\"https:\/\/www.google.com\/url?q=https:\/\/youtu.be\/wr44b9Jh0D4?si%3D4WuD738TpwjADqXx&amp;source=gmail&amp;ust=1736050187404000&amp;usg=AOvVaw1Dvq8VqoozYs20mvu6CWBi\">https:\/\/youtu.be\/wr44b9Jh0D4?<wbr \/>si=4WuD738TpwjADqXx<\/a><\/span><\/p>\n<p><span style=\"font-size: large;\"><br \/>\nEl bachatero chileno\u00a0<b>Mr. Don<\/b>\u00a0ha logrado capturar a un gran p\u00fablico con su mel\u00f3dica voz y su gran energ\u00eda al momento de evocar los sentimientos reales de sus canciones junto a la dulzura y sensualidad de la bachata.<\/span><\/p>\n<p><span style=\"font-size: large;\">Adem\u00e1s, el lanzamiento de\u00a0<strong>\u00abDICTADURA\u00bb<\/strong>\u00a0ser\u00e1 acompa\u00f1ado por una coreograf\u00eda exclusiva interpretada por\u00a0<strong>Marco y Sara<\/strong>, reconocidos en la escena mundial de la bachata por sus movimientos sensuales y elegantes, que prometen cautivar tanto a la audiencia en la pista de baile como a los espectadores.<\/span><\/p>\n<p><span style=\"font-size: large;\"><strong>\u00abDICTADURA\u00bb<\/strong>\u00a0es solo uno de los sencillos promocionales de este esperado \u00e1lbum\u00a0<\/span><strong>Sensual Bachata<\/strong>, que se perfila como un tributo a la\u00a0<strong>bachata dominicana<\/strong>\u00a0en su forma m\u00e1s pura, llevando el g\u00e9nero a nuevos horizontes y consolidando a\u00a0<strong>EQS M\u00fasica<\/strong>\u00a0como la casa disquera l\u00edder en la promoci\u00f3n de la bachata a nivel global.<\/p>\n<p><span style=\"font-size: large;\">\u00a1No te pierdas el lanzamiento de este tema lleno de alma, ritmo y tradici\u00f3n!<\/span><\/p>\n","protected":false},"excerpt":{"rendered":"<p>La discogr\u00e1fica\u00a0EQS M\u00fasica, l\u00edder en el g\u00e9nero de bachata en Am\u00e9rica y Europa, se complace en anunciar el lanzamiento del nuevo sencillo\u00a0\u201cDICTADURA\u201d\u00a0de\u00a0Mr. Don, en colaboraci\u00f3n con el reconocido productor\u00a0DerekVinci, los reconocidos bailarines\u00a0Marco y Sara, y la participaci\u00f3n especial de\u00a0El Tiguere. Este nuevo tema destaca por su estilo tradicional de\u00a0bachata, un homenaje a los sonidos aut\u00e9nticos [&hellip;]<\/p>\n","protected":false},"author":2,"featured_media":24252,"comment_status":"closed","ping_status":"open","sticky":false,"template":"","format":"standard","meta":[],"categories":[93,146],"tags":[1371,381],"wppr_data":{"cwp_meta_box_check":"No"},"_links":{"self":[{"href":"https:\/\/www.notaoficial.com\/s\/wp-json\/wp\/v2\/posts\/24251"}],"collection":[{"href":"https:\/\/www.notaoficial.com\/s\/wp-json\/wp\/v2\/posts"}],"about":[{"href":"https:\/\/www.notaoficial.com\/s\/wp-json\/wp\/v2\/types\/post"}],"author":[{"embeddable":true,"href":"https:\/\/www.notaoficial.com\/s\/wp-json\/wp\/v2\/users\/2"}],"replies":[{"embeddable":true,"href":"https:\/\/www.notaoficial.com\/s\/wp-json\/wp\/v2\/comments?post=24251"}],"version-history":[{"count":1,"href":"https:\/\/www.notaoficial.com\/s\/wp-json\/wp\/v2\/posts\/24251\/revisions"}],"predecessor-version":[{"id":24253,"href":"https:\/\/www.notaoficial.com\/s\/wp-json\/wp\/v2\/posts\/24251\/revisions\/24253"}],"wp:featuredmedia":[{"embeddable":true,"href":"https:\/\/www.notaoficial.com\/s\/wp-json\/wp\/v2\/media\/24252"}],"wp:attachment":[{"href":"https:\/\/www.notaoficial.com\/s\/wp-json\/wp\/v2\/media?parent=24251"}],"wp:term":[{"taxonomy":"category","embeddable":true,"href":"https:\/\/www.notaoficial.com\/s\/wp-json\/wp\/v2\/categories?post=24251"},{"taxonomy":"post_tag","embeddable":true,"href":"https:\/\/www.notaoficial.com\/s\/wp-json\/wp\/v2\/tags?post=24251"}],"curies":[{"name":"wp","href":"https:\/\/api.w.org\/{rel}","templated":true}]}}