{"id":24267,"date":"2025-01-15T23:03:49","date_gmt":"2025-01-16T03:03:49","guid":{"rendered":"https:\/\/www.notaoficial.com\/s\/?p=24267"},"modified":"2025-01-16T00:11:13","modified_gmt":"2025-01-16T04:11:13","slug":"ana-argelich-presidenta-de-lawg","status":"publish","type":"post","link":"https:\/\/www.notaoficial.com\/s\/2025\/01\/15\/ana-argelich-presidenta-de-lawg\/","title":{"rendered":"Ana Argelich, presidenta de LAWG"},"content":{"rendered":"<p>Por Eduardo Tob\u00edas Travieso<\/p>\n<p>Ana Argelich ha sido elegida presidenta de la Asociaci\u00f3n de Compa\u00f1\u00edas Farmac\u00e9uticas Americanas (LAWG), asociaci\u00f3n que representa a 16 compa\u00f1\u00edas farmac\u00e9uticas americanas que dedican su actividad a la investigaci\u00f3n y la innovaci\u00f3n en Espa\u00f1a, as\u00ed como a otros laboratorios que forman parte de PhRMA International.<\/p>\n<p>Consolidar a Espa\u00f1a como referente mundial en investigaci\u00f3n cl\u00ednica es uno de los objetivos principales de LAWG, as\u00ed como garantizar el acceso de los pacientes a la innovaci\u00f3n y colaborar con la sostenibilidad y calidad del sistema sanitario espa\u00f1ol.<\/p>\n<p>\u201cEs un honor liderar esta asociaci\u00f3n y contribuir activamente a impulsar la innovaci\u00f3n, la sostenibilidad y la excelencia del sistema sanitario, con el objetivo de mejorar el bienestar de los pacientes\u201d, ha se\u00f1alado Ana Argelich.<\/p>\n<p>La nueva presidenta ha agradecido la confianza depositada en ella por todos los integrantes de la Asociaci\u00f3n y ofrece su disposici\u00f3n a todos ellos y a su hom\u00f3logo en Farmaindustria, para llevar a cabo su mandato lo m\u00e1s eficazmente posible con el fin de cumplir con los objetivos marcados.<\/p>\n<p>La Junta Directiva de LAWG queda constituida por: Felipe Pastrana (AbbVie) como vicepresidente primero; Carlos Murillo (Pfizer), vicepresidente segundo; Sandra Orta (Bristol Myers Squibb), vicepresidenta tercera; Teresa Mill\u00e1n (Lilly) tesorera-secretaria; Mar\u00eda Fernanda Prado (Johnson Innovative Company), Juan Verguez (Mundipharma) y Christiano Silva (Biogen) como vocales; y F\u00e9lix Y\u00e9boles (GE Healthcare) y Fina Llad\u00f3s (Amgen) como vocales suplentes.<\/p>\n<p>La composici\u00f3n de esta Junta Directiva determina la representaci\u00f3n del Grupo Americano en los \u00f3rganos de gobierno de Farmaindustria.<\/p>\n<p>De esta forma, y seg\u00fan marcan los estatutos de LAWG, tanto presidenta como los vicepresidentes ser\u00e1n vicepresidentes de Farmaindustria.<\/p>\n<p><strong>Acerca de Ana Argelich<\/strong><\/p>\n<p>Ana Argelich es presidenta y directora general de MSD en Espa\u00f1a desde julio de 2019. Miembro del Consejo de Gobierno y Junta Directiva de Farmaindustria y del <a href=\"https:\/\/www.google.com\/url?sa=t&amp;source=web&amp;rct=j&amp;opi=89978449&amp;url=https:\/\/www.lawg.org\/&amp;ved=2ahUKEwj39djEr_mKAxXIRzABHbZtMr8QFnoECD0QAQ&amp;usg=AOvVaw3IAOYC5eHiazetjys95yLU\">LAWG<\/a>.<\/p>\n<p>Es licenciada en Administraci\u00f3n y Direcci\u00f3n de Empresas por la Universidad Ram\u00f3n Llull de Barcelona.<\/p>\n<p>Cuenta con una amplia y enriquecedora experiencia internacional en MSD. Desde su incorporaci\u00f3n en 2008, Ana ha tenido una trayectoria marcada por los \u00e9xitos en posiciones directivas de creciente responsabilidad, contribuyendo al crecimiento de las franquicias y siempre con un foco especial en el cliente y el desarrollo de los equipos.<\/p>\n<p>En febrero de 2017, fue nombrada directora general de MSD en Austria con excelentes resultados en la transformaci\u00f3n de la organizaci\u00f3n en cuanto a cultura del negocio. Desde marzo de 2019 hasta su nombramiento como presidenta de MSD en Espa\u00f1a, ha participado en proyectos estrat\u00e9gicos a nivel global.<\/p>\n<p>Ana forma parte de la iniciativa Mujeres en Farma que busca empoderar el talento femenino y fomentar la equidad e inclusi\u00f3n. En este a\u00f1o 2024 ha recogido el Premio Mujer L\u00edder 2023 de la C\u00e1mara de Comercio de Madrid en reconocimiento por su compromiso en este \u00e1mbito.<\/p>\n<p>Asimismo, es vicepresidenta de la Junta Directiva del C\u00edrculo de Empresarios, miembro de la Junta Directiva de Amcham y co-presidenta de su Comit\u00e9 de Diversidad y Liderazgo Inclusivo, y tambi\u00e9n es miembro del Consejo Asesor de Multinacionales con Espa\u00f1a. Forma parte del Consejo Empresarial Espa\u00f1ol para el Desarrollo Sostenible de For\u00e9tica y del Patronato Fundaci\u00f3n M\u00e1s Humano.<\/p>\n<p>Por Eduardo Tob\u00edas Travieso<\/p>\n","protected":false},"excerpt":{"rendered":"<p>Por Eduardo Tob\u00edas Travieso Ana Argelich ha sido elegida presidenta de la Asociaci\u00f3n de Compa\u00f1\u00edas Farmac\u00e9uticas Americanas (LAWG), asociaci\u00f3n que representa a 16 compa\u00f1\u00edas farmac\u00e9uticas americanas que dedican su actividad a la investigaci\u00f3n y la innovaci\u00f3n en Espa\u00f1a, as\u00ed como a otros laboratorios que forman parte de PhRMA International. Consolidar a Espa\u00f1a como referente mundial [&hellip;]<\/p>\n","protected":false},"author":2,"featured_media":24268,"comment_status":"closed","ping_status":"open","sticky":false,"template":"","format":"standard","meta":[],"categories":[93,463,146],"tags":[10600,10426],"wppr_data":{"cwp_meta_box_check":"No"},"_links":{"self":[{"href":"https:\/\/www.notaoficial.com\/s\/wp-json\/wp\/v2\/posts\/24267"}],"collection":[{"href":"https:\/\/www.notaoficial.com\/s\/wp-json\/wp\/v2\/posts"}],"about":[{"href":"https:\/\/www.notaoficial.com\/s\/wp-json\/wp\/v2\/types\/post"}],"author":[{"embeddable":true,"href":"https:\/\/www.notaoficial.com\/s\/wp-json\/wp\/v2\/users\/2"}],"replies":[{"embeddable":true,"href":"https:\/\/www.notaoficial.com\/s\/wp-json\/wp\/v2\/comments?post=24267"}],"version-history":[{"count":1,"href":"https:\/\/www.notaoficial.com\/s\/wp-json\/wp\/v2\/posts\/24267\/revisions"}],"predecessor-version":[{"id":24269,"href":"https:\/\/www.notaoficial.com\/s\/wp-json\/wp\/v2\/posts\/24267\/revisions\/24269"}],"wp:featuredmedia":[{"embeddable":true,"href":"https:\/\/www.notaoficial.com\/s\/wp-json\/wp\/v2\/media\/24268"}],"wp:attachment":[{"href":"https:\/\/www.notaoficial.com\/s\/wp-json\/wp\/v2\/media?parent=24267"}],"wp:term":[{"taxonomy":"category","embeddable":true,"href":"https:\/\/www.notaoficial.com\/s\/wp-json\/wp\/v2\/categories?post=24267"},{"taxonomy":"post_tag","embeddable":true,"href":"https:\/\/www.notaoficial.com\/s\/wp-json\/wp\/v2\/tags?post=24267"}],"curies":[{"name":"wp","href":"https:\/\/api.w.org\/{rel}","templated":true}]}}