{"id":24289,"date":"2025-01-17T23:04:49","date_gmt":"2025-01-18T03:04:49","guid":{"rendered":"https:\/\/www.notaoficial.com\/s\/?p=24289"},"modified":"2025-01-18T00:06:59","modified_gmt":"2025-01-18T04:06:59","slug":"palola-gana-trofeo-de-oro-en-festivegas-2024","status":"publish","type":"post","link":"https:\/\/www.notaoficial.com\/s\/2025\/01\/17\/palola-gana-trofeo-de-oro-en-festivegas-2024\/","title":{"rendered":"Palola gana Trofeo de Oro en Festivegas 2024"},"content":{"rendered":"<p>Con \u201cDesde Cero\u00bb,\u00a0 su sencillo debut, Palola es premiada en \u00a0la\u00a018\u00b0 edici\u00f3n del Festival de la Canci\u00f3n de Las Vegas, resultado anunciado el s\u00e1bado 26 de octubre en la plataforma web de esta reconocida\u00a0competencia internacional de canciones y poemas en idioma espa\u00f1ol.<\/p>\n<p>Con mucha emoci\u00f3n, la joven cantautora venezolana comparti\u00f3\u00a0 con sus fans la noticia del premio, a trav\u00e9s de su cuenta de Instagram.<\/p>\n<p>El Festivegas de Oro a \u00abDesde Cero\u00bb, obtenido en la categor\u00eda Canci\u00f3n original rom\u00e1ntica-Pop, llega a pocos d\u00edas del lanzamiento de este primer tema de la cantante, que ha cautivado a la industria por su l\u00edrica honesta y su fresca propuesta pop Indie\u00a0que fusiona sonoridades cercanas al World Music, posicion\u00e1ndose r\u00e1pidamente como una artista revelaci\u00f3n del 2024,\u00a0 tal como atestigua el \u00e9xito de sus m\u00e1s recientes presentaciones en vivo, entre las que destaca la actuaci\u00f3n en la alianza entre la serie de Netflix \u201cEmily in Paris\u201d y la marca paname\u00f1a Undercover Boots.<\/p>\n<p>Abierto\u00a0a compositores, poetas, m\u00fasicos y cantantes de todo el mundo,\u00a0en el\u00a0Festival de la Canci\u00f3n de Las Vegas los artistas env\u00edan sus producciones y letra en un archivo de audio y texto. Luego, estos son analizados por productores y m\u00fasicos internacionales, quienes emiten el veredicto. Este a\u00f1o concursaron creadores de veinte pa\u00edses, entre estos Espa\u00f1a, Suecia, Francia, Italia, Suiza, Estados Unidos, M\u00e9xico, Colombia, Ecuador, Panam\u00e1, Bolivia, Chile, Per\u00fa, Brasil y Venezuela.<\/p>\n<p>\u00abDesde Cero\u00bb es un adelanto del que ser\u00e1\u00a0el primer \u00e1lbum de Palola, un EP que\u00a0 se encuentra en la fase final de producci\u00f3n para ser lanzado en el primer trimestre de 2025.<\/p>\n<p>Esta producci\u00f3n discogr\u00e1fica estar\u00e1 acompa\u00f1ada\u00a0de videos y de otras iniciativas que encantar\u00e1n a la creciente comunidad de fans que, en poco tiempo, ha conquistado esta talentosa artista quien, al reflexionar sobre su futuro, dice: \u00abHay muchas ideas interesantes y hermosas en camino,\u00a0y estoy segura de que lo mejor est\u00e1 por delante. Pronto lanzar\u00e9 otro sencillo, \u00abL\u00e1stima\u00bb,\u00a0grabar\u00e9 un par de canciones y seguir\u00e9 escribiendo cada d\u00eda m\u00e1s y m\u00e1s. \u00a1Estoy emocionada con este premio y por lo que vendr\u00e1!\u00bb.<\/p>\n<p>Entretanto, \u00abDesde Cero\u00bb, tema ganador en\u00a0Festivegas de Oro 2024, est\u00e1\u00a0disponible en las plataformas digitales de streaming musical como Spotify, Apple Music, YouTube entre otras. \u00bfYa lo escuchaste?<\/p>\n","protected":false},"excerpt":{"rendered":"<p>Con \u201cDesde Cero\u00bb,\u00a0 su sencillo debut, Palola es premiada en \u00a0la\u00a018\u00b0 edici\u00f3n del Festival de la Canci\u00f3n de Las Vegas, resultado anunciado el s\u00e1bado 26 de octubre en la plataforma web de esta reconocida\u00a0competencia internacional de canciones y poemas en idioma espa\u00f1ol. Con mucha emoci\u00f3n, la joven cantautora venezolana comparti\u00f3\u00a0 con sus fans la noticia [&hellip;]<\/p>\n","protected":false},"author":2,"featured_media":24290,"comment_status":"closed","ping_status":"open","sticky":false,"template":"","format":"standard","meta":[],"categories":[93,146],"tags":[381,10629],"wppr_data":{"cwp_meta_box_check":"No"},"_links":{"self":[{"href":"https:\/\/www.notaoficial.com\/s\/wp-json\/wp\/v2\/posts\/24289"}],"collection":[{"href":"https:\/\/www.notaoficial.com\/s\/wp-json\/wp\/v2\/posts"}],"about":[{"href":"https:\/\/www.notaoficial.com\/s\/wp-json\/wp\/v2\/types\/post"}],"author":[{"embeddable":true,"href":"https:\/\/www.notaoficial.com\/s\/wp-json\/wp\/v2\/users\/2"}],"replies":[{"embeddable":true,"href":"https:\/\/www.notaoficial.com\/s\/wp-json\/wp\/v2\/comments?post=24289"}],"version-history":[{"count":1,"href":"https:\/\/www.notaoficial.com\/s\/wp-json\/wp\/v2\/posts\/24289\/revisions"}],"predecessor-version":[{"id":24291,"href":"https:\/\/www.notaoficial.com\/s\/wp-json\/wp\/v2\/posts\/24289\/revisions\/24291"}],"wp:featuredmedia":[{"embeddable":true,"href":"https:\/\/www.notaoficial.com\/s\/wp-json\/wp\/v2\/media\/24290"}],"wp:attachment":[{"href":"https:\/\/www.notaoficial.com\/s\/wp-json\/wp\/v2\/media?parent=24289"}],"wp:term":[{"taxonomy":"category","embeddable":true,"href":"https:\/\/www.notaoficial.com\/s\/wp-json\/wp\/v2\/categories?post=24289"},{"taxonomy":"post_tag","embeddable":true,"href":"https:\/\/www.notaoficial.com\/s\/wp-json\/wp\/v2\/tags?post=24289"}],"curies":[{"name":"wp","href":"https:\/\/api.w.org\/{rel}","templated":true}]}}