{"id":24316,"date":"2025-01-20T23:47:38","date_gmt":"2025-01-21T03:47:38","guid":{"rendered":"https:\/\/www.notaoficial.com\/s\/?p=24316"},"modified":"2025-01-20T23:47:38","modified_gmt":"2025-01-21T03:47:38","slug":"aymee-nuviola-y-capitan-v-estrenan-nuevo-sencillo","status":"publish","type":"post","link":"https:\/\/www.notaoficial.com\/s\/2025\/01\/20\/aymee-nuviola-y-capitan-v-estrenan-nuevo-sencillo\/","title":{"rendered":"Aym\u00e9e Nuviola y Capit\u00e1n V Estrenan Nuevo Sencillo"},"content":{"rendered":"<figure>La aclamada cantante y compositora cubana, <strong>Aym\u00e9e Nuviola<\/strong>, multiganadora del Grammy y conocida mundialmente como \u201cLa Sonera del Mundo\u201d, se une al talentoso artista <strong>Capit\u00e1n V<\/strong> para presentar su nuevo sencillo titulado <strong>\u201cCero Estr\u00e9s Cero Depresi\u00f3n\u201d<\/strong>. Esta canci\u00f3n, llena de energ\u00eda y motivaci\u00f3n, llega en un momento crucial para ofrecer inspiraci\u00f3n y apoyo a quienes enfrentan desaf\u00edos emocionales en la sociedad actual.<strong>\u201cCero Estr\u00e9s Cero Depresi\u00f3n\u201d<\/strong> es una vibrante mezcla de ritmos tropicales y letras poderosas que invitan a los oyentes a dejar atr\u00e1s las preocupaciones y encontrar la fuerza interior para enfrentar la vida con una actitud positiva. La colaboraci\u00f3n entre Aym\u00e9e Nuviola y Capit\u00e1n V ha resultado en una pieza musical que no solo har\u00e1 bailar a todos, sino que tambi\u00e9n ofrecer\u00e1 un mensaje de esperanza y resiliencia.<\/p>\n<p><strong>Sobre Aym\u00e9e Nuviola<\/strong><\/p>\n<p>Aym\u00e9e Nuviola, con una carrera que abarca d\u00e9cadas, ha sido galardonada con m\u00faltiples premios Grammy y es reconocida por su capacidad para capturar la esencia de la m\u00fasica latina y caribe\u00f1a. Su estilo \u00fanico y su voz inconfundible la han convertido en una de las figuras m\u00e1s queridas y respetadas de la m\u00fasica tropical. A lo largo de su carrera, Aym\u00e9e ha trabajado con numerosos artistas de renombre y ha llevado su m\u00fasica a escenarios de todo el mundo.<\/p>\n<p><strong>Sobre Capit\u00e1n V<\/strong><\/p>\n<p>Capit\u00e1n V, conocido por su estilo innovador y su energ\u00eda contagiosa, aporta una nueva dimensi\u00f3n a \u201cCero Estr\u00e9s Cero Depresi\u00f3n\u201d. Su habilidad para fusionar diferentes g\u00e9neros musicales y su carisma en el escenario han capturado la atenci\u00f3n de una audiencia global. Esta colaboraci\u00f3n con Aym\u00e9e Nuviola marca un hito en su carrera y promete ser un \u00e9xito rotundo.<\/p>\n<p><strong>Un Mensaje de Esperanza<\/strong><\/p>\n<p><em>Con \u201cCero Estr\u00e9s Cero Depresi\u00f3n\u201d, queremos ofrecer una canci\u00f3n que no solo sea divertida y bailable, sino que tambi\u00e9n tenga un impacto positivo en la vida de las personas\u201d<\/em>, coment\u00f3 Aym\u00e9e Nuviola. \u201cEsperamos que esta canci\u00f3n se convierta en un recordatorio de que, a pesar de los momentos dif\u00edciles, siempre hay una manera de encontrar la alegr\u00eda y la motivaci\u00f3n para seguir adelante\u201d.<\/p>\n<p>El sencillo ya est\u00e1 disponible en todas las plataformas digitales, incluyendo Spotify, Apple Music, y YouTube. Adem\u00e1s, se ha lanzado un video musical que complementa la energ\u00eda y el mensaje de la canci\u00f3n, disponible en el canal oficial de YouTube de Aym\u00e9e Nuviola.<\/p>\n<p><strong>Videoclip: <\/strong><a href=\"https:\/\/click.convertkit-mail2.com\/v8u25me59larhx6v4p0sghvl7w0llf9\/7qh7h8ho2qem3qb9\/aHR0cHM6Ly9iaXQubHkvM0JCVmt2UA==\" target=\"_blank\" rel=\"noopener noreferrer\" data-saferedirecturl=\"https:\/\/www.google.com\/url?q=https:\/\/click.convertkit-mail2.com\/v8u25me59larhx6v4p0sghvl7w0llf9\/7qh7h8ho2qem3qb9\/aHR0cHM6Ly9iaXQubHkvM0JCVmt2UA%3D%3D&amp;source=gmail&amp;ust=1737517148019000&amp;usg=AOvVaw16BDvDfDGW73l8saY6Y09G\">https:\/\/bit.ly\/3BBVkvP<\/a><\/p>\n<p>&nbsp;<\/figure>\n","protected":false},"excerpt":{"rendered":"<p>La aclamada cantante y compositora cubana, Aym\u00e9e Nuviola, multiganadora del Grammy y conocida mundialmente como \u201cLa Sonera del Mundo\u201d, se une al talentoso artista Capit\u00e1n V para presentar su nuevo sencillo titulado \u201cCero Estr\u00e9s Cero Depresi\u00f3n\u201d. Esta canci\u00f3n, llena de energ\u00eda y motivaci\u00f3n, llega en un momento crucial para ofrecer inspiraci\u00f3n y apoyo a quienes [&hellip;]<\/p>\n","protected":false},"author":2,"featured_media":24317,"comment_status":"closed","ping_status":"open","sticky":false,"template":"","format":"standard","meta":[],"categories":[93,146],"tags":[1371,381],"wppr_data":{"cwp_meta_box_check":"No"},"_links":{"self":[{"href":"https:\/\/www.notaoficial.com\/s\/wp-json\/wp\/v2\/posts\/24316"}],"collection":[{"href":"https:\/\/www.notaoficial.com\/s\/wp-json\/wp\/v2\/posts"}],"about":[{"href":"https:\/\/www.notaoficial.com\/s\/wp-json\/wp\/v2\/types\/post"}],"author":[{"embeddable":true,"href":"https:\/\/www.notaoficial.com\/s\/wp-json\/wp\/v2\/users\/2"}],"replies":[{"embeddable":true,"href":"https:\/\/www.notaoficial.com\/s\/wp-json\/wp\/v2\/comments?post=24316"}],"version-history":[{"count":2,"href":"https:\/\/www.notaoficial.com\/s\/wp-json\/wp\/v2\/posts\/24316\/revisions"}],"predecessor-version":[{"id":24319,"href":"https:\/\/www.notaoficial.com\/s\/wp-json\/wp\/v2\/posts\/24316\/revisions\/24319"}],"wp:featuredmedia":[{"embeddable":true,"href":"https:\/\/www.notaoficial.com\/s\/wp-json\/wp\/v2\/media\/24317"}],"wp:attachment":[{"href":"https:\/\/www.notaoficial.com\/s\/wp-json\/wp\/v2\/media?parent=24316"}],"wp:term":[{"taxonomy":"category","embeddable":true,"href":"https:\/\/www.notaoficial.com\/s\/wp-json\/wp\/v2\/categories?post=24316"},{"taxonomy":"post_tag","embeddable":true,"href":"https:\/\/www.notaoficial.com\/s\/wp-json\/wp\/v2\/tags?post=24316"}],"curies":[{"name":"wp","href":"https:\/\/api.w.org\/{rel}","templated":true}]}}