{"id":24320,"date":"2025-01-20T23:49:00","date_gmt":"2025-01-21T03:49:00","guid":{"rendered":"https:\/\/www.notaoficial.com\/s\/?p=24320"},"modified":"2025-01-20T23:49:00","modified_gmt":"2025-01-21T03:49:00","slug":"edwin-el-calvito-reyes-y-fabian-rosales-unen-fuerzas-en-su-nuevo-sencillo","status":"publish","type":"post","link":"https:\/\/www.notaoficial.com\/s\/2025\/01\/20\/edwin-el-calvito-reyes-y-fabian-rosales-unen-fuerzas-en-su-nuevo-sencillo\/","title":{"rendered":"Edwin \u201cEl Calvito\u201d Reyes y Fabi\u00e1n Rosales Unen Fuerzas en su Nuevo Sencillo"},"content":{"rendered":"<p>Clase Media Group y Fabi\u00e1n Rosales Music se enorgullecen en presentar el lanzamiento del nuevo sencillo del aclamado cantautor puertorrique\u00f1o Edwin \u201cEl Calvito\u201d Reyes, en colaboraci\u00f3n con la destacada estrella chilena Fabi\u00e1n Rosales. El tema, titulado <strong>\u201cEl Coqu\u00ed y el Chileno\u201d<\/strong>, promete ser un \u00e9xito rotundo en la escena musical internacional.<\/p>\n<p><strong>\u201cEl Coqu\u00ed y el Chileno\u201d<\/strong> es una composici\u00f3n del legendario compositor puertorrique\u00f1o Edgardo Irizarry, conocido por su habilidad para crear melod\u00edas que resuenan profundamente con el p\u00fablico. El arreglo musical, a cargo del talentoso chileno Robert Requena y su equipo en Medell\u00edn, Colombia, aporta una frescura y sofisticaci\u00f3n que eleva la canci\u00f3n a nuevas alturas.<\/p>\n<p>La canci\u00f3n narra la peculiar y encantadora historia de un Coqu\u00ed y un Chileno, quienes a trav\u00e9s de sus viajes a Puerto Rico y Chile, descubren una conexi\u00f3n inesperada. Basada en una historia real, donde un chileno se enamor\u00f3 de Cabo Rojo durante su visita a Puerto Rico, esta pieza captura la esencia de la salsa con una narrativa rica y emotiva.<\/p>\n<p>La interpretaci\u00f3n de Edwin \u201cEl Calvito\u201d Reyes y Fabi\u00e1n Rosales es simplemente electrizante. Ambos artistas, conocidos por su energ\u00eda y carisma en el escenario, han logrado crear una qu\u00edmica \u00fanica que se refleja en cada nota de esta canci\u00f3n. Con una base de seguidores leales y un reconocimiento internacional, esta colaboraci\u00f3n es una de las m\u00e1s esperadas del a\u00f1o.<\/p>\n<p><strong>\u201cEl Coqu\u00ed y el Chileno\u201d<\/strong> no solo es una celebraci\u00f3n de la m\u00fasica salsa, sino tambi\u00e9n un testimonio del poder de la colaboraci\u00f3n art\u00edstica. La combinaci\u00f3n de talentos de Puerto Rico y Chile demuestra que la m\u00fasica no tiene fronteras y que, a trav\u00e9s de ella, se pueden contar historias universales que tocan el coraz\u00f3n de las personas.<\/p>\n<p>Este lanzamiento marca un hito importante en las carreras de ambos artistas y reafirma su compromiso con la innovaci\u00f3n y la excelencia musical. Estamos seguros de que este sencillo se convertir\u00e1 en un favorito en las plataformas de streaming como YouTube, Spotify, Apple Music, y muchas m\u00e1s.<\/p>\n<p><strong>Videoclip:<\/strong> <a href=\"https:\/\/click.convertkit-mail2.com\/92up4xo4qdinhqe828na9hz3vmd33aw\/8ghqhohl6qpx4qtl\/aHR0cHM6Ly9iaXQubHkvNGR6OGg2UA==\" target=\"_blank\" rel=\"noopener noreferrer\" data-saferedirecturl=\"https:\/\/www.google.com\/url?q=https:\/\/click.convertkit-mail2.com\/92up4xo4qdinhqe828na9hz3vmd33aw\/8ghqhohl6qpx4qtl\/aHR0cHM6Ly9iaXQubHkvNGR6OGg2UA%3D%3D&amp;source=gmail&amp;ust=1737517148565000&amp;usg=AOvVaw20drH1VFbI3ePKjl66Uv1T\">https:\/\/bit.ly\/4dz8h6P<\/a>\u200b<\/p>\n","protected":false},"excerpt":{"rendered":"<p>Clase Media Group y Fabi\u00e1n Rosales Music se enorgullecen en presentar el lanzamiento del nuevo sencillo del aclamado cantautor puertorrique\u00f1o Edwin \u201cEl Calvito\u201d Reyes, en colaboraci\u00f3n con la destacada estrella chilena Fabi\u00e1n Rosales. El tema, titulado \u201cEl Coqu\u00ed y el Chileno\u201d, promete ser un \u00e9xito rotundo en la escena musical internacional. \u201cEl Coqu\u00ed y el [&hellip;]<\/p>\n","protected":false},"author":2,"featured_media":24321,"comment_status":"closed","ping_status":"open","sticky":false,"template":"","format":"standard","meta":[],"categories":[93,463],"tags":[1371,381],"wppr_data":{"cwp_meta_box_check":"No"},"_links":{"self":[{"href":"https:\/\/www.notaoficial.com\/s\/wp-json\/wp\/v2\/posts\/24320"}],"collection":[{"href":"https:\/\/www.notaoficial.com\/s\/wp-json\/wp\/v2\/posts"}],"about":[{"href":"https:\/\/www.notaoficial.com\/s\/wp-json\/wp\/v2\/types\/post"}],"author":[{"embeddable":true,"href":"https:\/\/www.notaoficial.com\/s\/wp-json\/wp\/v2\/users\/2"}],"replies":[{"embeddable":true,"href":"https:\/\/www.notaoficial.com\/s\/wp-json\/wp\/v2\/comments?post=24320"}],"version-history":[{"count":1,"href":"https:\/\/www.notaoficial.com\/s\/wp-json\/wp\/v2\/posts\/24320\/revisions"}],"predecessor-version":[{"id":24322,"href":"https:\/\/www.notaoficial.com\/s\/wp-json\/wp\/v2\/posts\/24320\/revisions\/24322"}],"wp:featuredmedia":[{"embeddable":true,"href":"https:\/\/www.notaoficial.com\/s\/wp-json\/wp\/v2\/media\/24321"}],"wp:attachment":[{"href":"https:\/\/www.notaoficial.com\/s\/wp-json\/wp\/v2\/media?parent=24320"}],"wp:term":[{"taxonomy":"category","embeddable":true,"href":"https:\/\/www.notaoficial.com\/s\/wp-json\/wp\/v2\/categories?post=24320"},{"taxonomy":"post_tag","embeddable":true,"href":"https:\/\/www.notaoficial.com\/s\/wp-json\/wp\/v2\/tags?post=24320"}],"curies":[{"name":"wp","href":"https:\/\/api.w.org\/{rel}","templated":true}]}}