{"id":24323,"date":"2025-01-21T00:04:22","date_gmt":"2025-01-21T04:04:22","guid":{"rendered":"https:\/\/www.notaoficial.com\/s\/?p=24323"},"modified":"2025-04-18T00:01:19","modified_gmt":"2025-04-18T04:01:19","slug":"cena-gala-benefica-25-aniversario","status":"publish","type":"post","link":"https:\/\/www.notaoficial.com\/s\/2025\/01\/21\/cena-gala-benefica-25-aniversario\/","title":{"rendered":"Cena Gala Ben\u00e9fica 25 Aniversario"},"content":{"rendered":"<p>Por Eduardo Travieso Itriago<\/p>\n<div><strong>Estamos felices de comunicaros que celebramos\u00a0nuestro\u00a025\u00a0<wbr \/>Aniversario.\u00a0Un cuarto de siglo\u00a0consiguiendo el acceso inclusivo a todo tipo de deportes\u00a0adaptados y actividades de ocio y tiempo libre\u00a0para personas con discapacidad.\u00a0<\/strong>Creemos que\u00a0ello\u00a0se merece una gran celebraci\u00f3n.<\/div>\n<div>\nPor eso estamos preparando actividades deportivas y otros eventos muy especiales. Para nosotros el m\u00e1s significativo es: la\u00a0<strong>\u00abCena Gala Ben\u00e9fica 25 Aniversario Fundaci\u00f3n Tambi\u00e9n\u00bb<\/strong>, que tendr\u00e1 lugar el<strong>\u00a0jueves 8 de mayo<\/strong>\u00a0en la\u00a0<strong>Quinta\u00a0La Mu\u00f1oza\u00a0<\/strong>(Madrid)\u00a0a partir de las 20:00 hrs.<\/div>\n<div><\/div>\n<div>Por Eduardo Travieso Itriago<\/div>\n<div>\nSer\u00e1 un evento lleno de momentos inolvidables en el que\u00a0<strong>queremos reunir a la gran familia que form\u00e1is la Fundaci\u00f3n Tambi\u00e9n<\/strong>\u00a0para\u00a0mirar hacia atr\u00e1s con orgullo\u00a0y agradecimiento\u00a0de\u00a0todo lo que hemos logrado\u00a0hasta ahora\u00a0y\u00a0afrontar\u00a0el futuro con\u00a0a\u00fan m\u00e1s\u00a0esperanza e ilusi\u00f3n.<\/p>\n<p>Tu apoyo ha sido esencial para\u00a0recorrer\u00a0nuestro camino y nos encantar\u00eda contar con tu presencia en este evento tan\u00a0emotivo, por eso<strong>\u00a0res\u00e9rvate\u00a0esta fecha\u00a0tan importante para todos<\/strong>.<\/p>\n<p>\u00a1Esperamos verte en esta gran celebraci\u00f3n!\u00a0Estamos elaborando una plataforma para que os pod\u00e1is apuntar\u00a0de forma sencilla.<\/p><\/div>\n<div><strong>Os seguiremos informando.<\/strong><\/p>\n<p><a href=\"https:\/\/tambien.us2.list-manage.com\/track\/click?u=4ce6b4ff271bb244c1eab5a95&amp;id=a670ee34b6&amp;e=8a594ce2b0\" target=\"_blank\" rel=\"noopener\" data-saferedirecturl=\"https:\/\/www.google.com\/url?q=https:\/\/tambien.us2.list-manage.com\/track\/click?u%3D4ce6b4ff271bb244c1eab5a95%26id%3Da670ee34b6%26e%3D8a594ce2b0&amp;source=gmail&amp;ust=1737604433455000&amp;usg=AOvVaw0WaDyHzhCfnAu6axaBFu6H\">comunicacion@tambien.org<\/a>\n<\/div>\n<p>Por Eduardo Travieso Itriago<\/p>\n","protected":false},"excerpt":{"rendered":"<p>Por Eduardo Travieso Itriago Estamos felices de comunicaros que celebramos\u00a0nuestro\u00a025\u00a0Aniversario.\u00a0Un cuarto de siglo\u00a0consiguiendo el acceso inclusivo a todo tipo de deportes\u00a0adaptados y actividades de ocio y tiempo libre\u00a0para personas con discapacidad.\u00a0Creemos que\u00a0ello\u00a0se merece una gran celebraci\u00f3n. Por eso estamos preparando actividades deportivas y otros eventos muy especiales. Para nosotros el m\u00e1s significativo es: la\u00a0\u00abCena Gala [&hellip;]<\/p>\n","protected":false},"author":2,"featured_media":24324,"comment_status":"closed","ping_status":"open","sticky":false,"template":"","format":"standard","meta":[],"categories":[93,463,146],"tags":[10603,10633],"wppr_data":{"cwp_meta_box_check":"No"},"_links":{"self":[{"href":"https:\/\/www.notaoficial.com\/s\/wp-json\/wp\/v2\/posts\/24323"}],"collection":[{"href":"https:\/\/www.notaoficial.com\/s\/wp-json\/wp\/v2\/posts"}],"about":[{"href":"https:\/\/www.notaoficial.com\/s\/wp-json\/wp\/v2\/types\/post"}],"author":[{"embeddable":true,"href":"https:\/\/www.notaoficial.com\/s\/wp-json\/wp\/v2\/users\/2"}],"replies":[{"embeddable":true,"href":"https:\/\/www.notaoficial.com\/s\/wp-json\/wp\/v2\/comments?post=24323"}],"version-history":[{"count":1,"href":"https:\/\/www.notaoficial.com\/s\/wp-json\/wp\/v2\/posts\/24323\/revisions"}],"predecessor-version":[{"id":24325,"href":"https:\/\/www.notaoficial.com\/s\/wp-json\/wp\/v2\/posts\/24323\/revisions\/24325"}],"wp:featuredmedia":[{"embeddable":true,"href":"https:\/\/www.notaoficial.com\/s\/wp-json\/wp\/v2\/media\/24324"}],"wp:attachment":[{"href":"https:\/\/www.notaoficial.com\/s\/wp-json\/wp\/v2\/media?parent=24323"}],"wp:term":[{"taxonomy":"category","embeddable":true,"href":"https:\/\/www.notaoficial.com\/s\/wp-json\/wp\/v2\/categories?post=24323"},{"taxonomy":"post_tag","embeddable":true,"href":"https:\/\/www.notaoficial.com\/s\/wp-json\/wp\/v2\/tags?post=24323"}],"curies":[{"name":"wp","href":"https:\/\/api.w.org\/{rel}","templated":true}]}}