{"id":2433,"date":"2018-07-27T17:21:14","date_gmt":"2018-07-27T21:21:14","guid":{"rendered":"http:\/\/www.notaoficial.com\/s\/?p=2433"},"modified":"2018-07-23T12:23:52","modified_gmt":"2018-07-23T16:23:52","slug":"este-20-de-julio-olimpiadas-especiales-venezuela-se-unira-al-proyecto-iluminados-por-la-inclusion","status":"publish","type":"post","link":"https:\/\/www.notaoficial.com\/s\/2018\/07\/27\/este-20-de-julio-olimpiadas-especiales-venezuela-se-unira-al-proyecto-iluminados-por-la-inclusion\/","title":{"rendered":"Este 20 de julio Olimpiadas Especiales Venezuela se unir\u00e1 al proyecto Iluminados por la Inclusi\u00f3n"},"content":{"rendered":"<p dir=\"ltr\">Gracias al apoyo de la Alcald\u00eda de Baruta y del Alcalde Darwin Gonz\u00e1lez, Olimpiadas Especiales Venezuela\u00a0iluminar\u00e1 de rojo la escultura de la Plaza Alfredo Sadel\u00a0 para celebrar los cincuenta\u00a0a\u00f1os de Special Olympics International e invita a todo el que quiera unirse a esta celebraci\u00f3n asistir a la actividad con entrada libre.<\/p>\n<p dir=\"ltr\">En varios pa\u00edses del mundo se iluminar\u00e1n 50 monumentos y edificios de forma simult\u00e1nea, con el fin de brindar atenci\u00f3n y crear conciencia acerca de la importancia de la inclusi\u00f3n de personas con discapacidad intelectual.<\/p>\n<p dir=\"ltr\">La actividad comenzar\u00e1 a las 5:30 de la tarde con la llegada de directivos y atletas de Olimpiadas Especiales Venezuela al lugar, \u00a0junto a sus familiares y autoridades de la Alcald\u00eda de Baruta.<\/p>\n<p dir=\"ltr\">A las 6:00pm, se tiene previsto hacer el Encendido de la Llama Inclusiva. \u00a0La misma saldr\u00e1 desde uno de los restaurantes aleda\u00f1osa la plaza hasta la Sadel, acompa\u00f1ada por atletas y directivos de Olimpiadas Especiales, oficiales de las fuerzas de seguridad del municipio y \u00a0autoridades de la Alcald\u00eda de Baruta, seguidamente se dar\u00e1n palabras de inicio de la celebraci\u00f3n por parte de Mar\u00eda Luisa Alonso, miembro de la Junta Directiva de Olimpiadas Especiales Venezuela, seguida por el Alcalde Edwin Gonz\u00e1lez.<\/p>\n<p dir=\"ltr\">Luego del encendido, atletas de gimnasia r\u00edtmica y f\u00fatbol 5 unificado \u00a0de Olimpiadas Especiales Venezuela har\u00e1n demostraci\u00f3n de sus talentos, seguudi de esto el evento culminar\u00e1 con una presentaci\u00f3n musical.<\/p>\n","protected":false},"excerpt":{"rendered":"<p>Gracias al apoyo de la Alcald\u00eda de Baruta y del Alcalde Darwin Gonz\u00e1lez, Olimpiadas Especiales Venezuela\u00a0iluminar\u00e1 de rojo la escultura de la Plaza Alfredo Sadel\u00a0 para celebrar los cincuenta\u00a0a\u00f1os de Special Olympics International e invita a todo el que quiera unirse a esta celebraci\u00f3n asistir a la actividad con entrada libre. En varios pa\u00edses del [&hellip;]<\/p>\n","protected":false},"author":2,"featured_media":2434,"comment_status":"closed","ping_status":"open","sticky":false,"template":"","format":"standard","meta":[],"categories":[463,2],"tags":[1269,1268,1273,1271,1270,1272],"wppr_data":[],"_links":{"self":[{"href":"https:\/\/www.notaoficial.com\/s\/wp-json\/wp\/v2\/posts\/2433"}],"collection":[{"href":"https:\/\/www.notaoficial.com\/s\/wp-json\/wp\/v2\/posts"}],"about":[{"href":"https:\/\/www.notaoficial.com\/s\/wp-json\/wp\/v2\/types\/post"}],"author":[{"embeddable":true,"href":"https:\/\/www.notaoficial.com\/s\/wp-json\/wp\/v2\/users\/2"}],"replies":[{"embeddable":true,"href":"https:\/\/www.notaoficial.com\/s\/wp-json\/wp\/v2\/comments?post=2433"}],"version-history":[{"count":1,"href":"https:\/\/www.notaoficial.com\/s\/wp-json\/wp\/v2\/posts\/2433\/revisions"}],"predecessor-version":[{"id":2435,"href":"https:\/\/www.notaoficial.com\/s\/wp-json\/wp\/v2\/posts\/2433\/revisions\/2435"}],"wp:featuredmedia":[{"embeddable":true,"href":"https:\/\/www.notaoficial.com\/s\/wp-json\/wp\/v2\/media\/2434"}],"wp:attachment":[{"href":"https:\/\/www.notaoficial.com\/s\/wp-json\/wp\/v2\/media?parent=2433"}],"wp:term":[{"taxonomy":"category","embeddable":true,"href":"https:\/\/www.notaoficial.com\/s\/wp-json\/wp\/v2\/categories?post=2433"},{"taxonomy":"post_tag","embeddable":true,"href":"https:\/\/www.notaoficial.com\/s\/wp-json\/wp\/v2\/tags?post=2433"}],"curies":[{"name":"wp","href":"https:\/\/api.w.org\/{rel}","templated":true}]}}