{"id":24345,"date":"2025-01-24T23:31:48","date_gmt":"2025-01-25T03:31:48","guid":{"rendered":"https:\/\/www.notaoficial.com\/s\/?p=24345"},"modified":"2025-01-24T23:31:48","modified_gmt":"2025-01-25T03:31:48","slug":"la-puertorriquena-de-don-perignon-presenta-su-nuevo-sencillo","status":"publish","type":"post","link":"https:\/\/www.notaoficial.com\/s\/2025\/01\/24\/la-puertorriquena-de-don-perignon-presenta-su-nuevo-sencillo\/","title":{"rendered":"La Puertorrique\u00f1a de Don Perignon presenta su nuevo sencillo"},"content":{"rendered":"<p>La Navidad es, sin duda, la temporada m\u00e1s bella del calendario, una \u00e9poca en la que las familias se congregan para compartir en armon\u00eda, alegr\u00eda y gratitud. Este a\u00f1o, para acompa\u00f1ar ese esp\u00edritu festivo, <strong>La Puertorrique\u00f1a<\/strong>, bajo la direcci\u00f3n de <strong>Don Perignon<\/strong>, se enorgullece en presentar su m\u00e1s reciente sencillo titulado <strong>\u2018Navidad es alegr\u00eda\u2019<\/strong>, una composici\u00f3n del reconocido cantautor Jos\u00e9 Nogueras, que cuenta con los arreglos del talentoso Ram\u00f3n S\u00e1nchez.<\/p>\n<p>Jos\u00e9 Nogueras, quien ha dejado una huella imborrable en la m\u00fasica navide\u00f1a, vuelve a capturar el vibrante esp\u00edritu y la alegr\u00eda que definen la temporada en Puerto Rico y en el Caribe. Esta emotiva l\u00edrica es capitalizada por Ram\u00f3n S\u00e1nchez, quien, adem\u00e1s de mantener una estrecha amistad con Nogueras, reconoce que sus principales referentes para arreglar m\u00fasica navide\u00f1a son los emblem\u00e1ticos: Asalto Navide\u00f1o Vol.1 y 2 de Willie Col\u00f3n &amp; H\u00e9ctor Lavoe, y las distintas producciones dedicadas a la \u00e9poca de El Gran Combo de Puerto Rico y La Sonora Ponce\u00f1a.<\/p>\n<p>\u2018Navidad es alegr\u00eda\u2019 no solo celebra la festividad, sino que tambi\u00e9n refleja la esperanza y el optimismo que acompa\u00f1an la llegada del A\u00f1o Nuevo. El tema que invita a compartir con los seres queridos, expresa el anhelo universal de un nuevo comienzo, lleno de promesas y oportunidades renovadas.<\/p>\n<p>Con las voces de Joe Gonz\u00e1lez, Jos\u00e9 Karlo Ribot y Henry Santiago, \u2018Navidad es alegr\u00eda\u2019, tambi\u00e9n cuenta con la participaci\u00f3n de la joven virtuosa del cuatro puertorrique\u00f1o, Fabiola Mu\u00f1oz. La cuatrista, quien recibi\u00f3 un peque\u00f1o cuatro de juguete cuando ten\u00eda siete a\u00f1os, precisamente durante una Navidad, ha desarrollado una profunda conexi\u00f3n con el instrumento que marc\u00f3 su futuro. El solo de cuatro en \u2018Navidad es alegr\u00eda\u2019 aporta una dimensi\u00f3n de autenticidad y emoci\u00f3n al tema, fusionando con sutileza la rica tradici\u00f3n musical boricua con el estilo propio de La Puertorrique\u00f1a.<\/p>\n<p>En la \u00e9poca navide\u00f1a, celebramos en abundancia de los manjares propios con que festejamos la llegada del Ni\u00f1o Dios, compartiendo con amistades y familia. \u2018Navidad es alegr\u00eda\u2019 se convierte en el acompa\u00f1amiento perfecto para la temporada de parranda y regocijo. La canci\u00f3n est\u00e1 hecha para disfrutarla olvidando la dieta y d\u00e1ndole entrada a los tradicionales pasteles, al arroz con gandules y al lech\u00f3n a la varita, junto a un traguito del \u201cron de la tierra\u201d.<\/p>\n<p>Invariablemente, \u201cCon Don Perignon, este parrand\u00f3n llega cargado de alegr\u00eda y mucho amor\u201d.<\/p>\n<p>En su trayectoria, \u201cDon Perignon\u201d con su orquesta, La Puertorrique\u00f1a, ha publicado trece producciones discogr\u00e1ficas, en las que han colaborado figuras como Gilberto Santa Rosa, V\u00edctor Manuelle, Luisito Carri\u00f3n, Oswaldo Rom\u00e1n, Pedro Brull, Josu\u00e9 Rosado, Rico Walker, Jos\u00e9 Alberto \u201cEl Canario\u201d y Herm\u00e1n Olivera, entre otros.<\/p>\n<p>\u00a1Que la m\u00fasica y el esp\u00edritu navide\u00f1o llenen su hogar de felicidad y buenos momentos, les desea La Puertorrique\u00f1a de Don Perignon!<\/p>\n<p><strong>Videoclip: <\/strong><a href=\"https:\/\/click.convertkit-mail2.com\/mvur0eo0z5i5hgxg674cmhrqv52qqf3\/6qheh8h78z0pe3t9\/aHR0cHM6Ly9iaXQubHkvM1RUVEFvNA==\" target=\"_blank\" rel=\"noopener noreferrer\" data-saferedirecturl=\"https:\/\/www.google.com\/url?q=https:\/\/click.convertkit-mail2.com\/mvur0eo0z5i5hgxg674cmhrqv52qqf3\/6qheh8h78z0pe3t9\/aHR0cHM6Ly9iaXQubHkvM1RUVEFvNA%3D%3D&amp;source=gmail&amp;ust=1737861761114000&amp;usg=AOvVaw0fqdCvVb-qcK2nE9mtCwPx\">https:\/\/bit.ly\/3TTTAo4<\/a>\u200b<\/p>\n","protected":false},"excerpt":{"rendered":"<p>La Navidad es, sin duda, la temporada m\u00e1s bella del calendario, una \u00e9poca en la que las familias se congregan para compartir en armon\u00eda, alegr\u00eda y gratitud. Este a\u00f1o, para acompa\u00f1ar ese esp\u00edritu festivo, La Puertorrique\u00f1a, bajo la direcci\u00f3n de Don Perignon, se enorgullece en presentar su m\u00e1s reciente sencillo titulado \u2018Navidad es alegr\u00eda\u2019, una [&hellip;]<\/p>\n","protected":false},"author":2,"featured_media":24346,"comment_status":"closed","ping_status":"open","sticky":false,"template":"","format":"standard","meta":[],"categories":[93,146],"tags":[1371,381],"wppr_data":{"cwp_meta_box_check":"No"},"_links":{"self":[{"href":"https:\/\/www.notaoficial.com\/s\/wp-json\/wp\/v2\/posts\/24345"}],"collection":[{"href":"https:\/\/www.notaoficial.com\/s\/wp-json\/wp\/v2\/posts"}],"about":[{"href":"https:\/\/www.notaoficial.com\/s\/wp-json\/wp\/v2\/types\/post"}],"author":[{"embeddable":true,"href":"https:\/\/www.notaoficial.com\/s\/wp-json\/wp\/v2\/users\/2"}],"replies":[{"embeddable":true,"href":"https:\/\/www.notaoficial.com\/s\/wp-json\/wp\/v2\/comments?post=24345"}],"version-history":[{"count":1,"href":"https:\/\/www.notaoficial.com\/s\/wp-json\/wp\/v2\/posts\/24345\/revisions"}],"predecessor-version":[{"id":24347,"href":"https:\/\/www.notaoficial.com\/s\/wp-json\/wp\/v2\/posts\/24345\/revisions\/24347"}],"wp:featuredmedia":[{"embeddable":true,"href":"https:\/\/www.notaoficial.com\/s\/wp-json\/wp\/v2\/media\/24346"}],"wp:attachment":[{"href":"https:\/\/www.notaoficial.com\/s\/wp-json\/wp\/v2\/media?parent=24345"}],"wp:term":[{"taxonomy":"category","embeddable":true,"href":"https:\/\/www.notaoficial.com\/s\/wp-json\/wp\/v2\/categories?post=24345"},{"taxonomy":"post_tag","embeddable":true,"href":"https:\/\/www.notaoficial.com\/s\/wp-json\/wp\/v2\/tags?post=24345"}],"curies":[{"name":"wp","href":"https:\/\/api.w.org\/{rel}","templated":true}]}}