{"id":24354,"date":"2025-01-25T23:40:28","date_gmt":"2025-01-26T03:40:28","guid":{"rendered":"https:\/\/www.notaoficial.com\/s\/?p=24354"},"modified":"2025-01-25T23:40:28","modified_gmt":"2025-01-26T03:40:28","slug":"mao-mendez-presenta-interes-un-sencillo-que-motiva-a-no-rendirse-y-luchar","status":"publish","type":"post","link":"https:\/\/www.notaoficial.com\/s\/2025\/01\/25\/mao-mendez-presenta-interes-un-sencillo-que-motiva-a-no-rendirse-y-luchar\/","title":{"rendered":"Mao M\u00e9ndez presenta \u201cInter\u00e9s\u201d un sencillo que motiva a no rendirse y luchar"},"content":{"rendered":"<p><b>Mao M\u00e9ndez<\/b>, el talentoso artista en desarrollo que ha cautivado al p\u00fablico durante los \u00faltimos cuatro a\u00f1os, presenta el lanzamiento de su nueva canci\u00f3n <b>\u201cInter\u00e9s\u201d<\/b>, una canci\u00f3n con un estilo \u00fanico y aut\u00e9ntico.<\/p>\n<p>\u201cInter\u00e9s\u201d es una poderosa reflexi\u00f3n sobre la importancia de la actitud, el trabajo duro y la paciencia para alcanzar los sue\u00f1os y lograr las metas que nos ponemos en la vida. Con un ritmo de banda que est\u00e1 en plena tendencia, la canci\u00f3n invita a los oyentes a identificarse con su mensaje y a motivarse en su propia b\u00fasqueda de metas y entender que los malos momentos son pasajeros y de ellos siempre sale algo bueno.<\/p>\n<p>\u00abCada quien tiene su proyecto y para llegar al \u00e9xito hay que trabajar y disfrutar el proceso\u00bb, afirma el cantante, adem\u00e1s de asegurar que \u201cInter\u00e9s\u201d es una canci\u00f3n con la que muchos oyentes se van a identificar pues el objetivo de este sencillo es motivarlos para no rendirse y triunfar en todas las \u00e1reas de la vida.<\/p>\n<p>\u201cInter\u00e9s\u201d cont\u00f3 con Brayan Mauricio Mendez y Santiago Rua en la autor\u00eda y composici\u00f3n; Elkin Leonardo Casta\u00f1eda en la grabaci\u00f3n, mezcla, masterizaci\u00f3n y este \u00faltimo en producci\u00f3n musical. El videoclip fue grabado en tres locaciones diferentes en Medell\u00edn, un rancho, hangares del aeropuerto y un estudio cerca a Laureles para lograr el objetivo que quer\u00eda transmitir el artista.<\/p>\n<p>Mao se ha ganado un lugar en el coraz\u00f3n de sus fan\u00e1ticos por su compromiso y esfuerzo constante logrando conectar con sus seguidores gracias a la cercan\u00eda que transmite a trav\u00e9s de sus letras y su dedicaci\u00f3n incansable.<\/p>\n<p>\u201cInter\u00e9s\u201d ya est\u00e1 disponible en todas las plataformas digitales.<\/p>\n","protected":false},"excerpt":{"rendered":"<p>Mao M\u00e9ndez, el talentoso artista en desarrollo que ha cautivado al p\u00fablico durante los \u00faltimos cuatro a\u00f1os, presenta el lanzamiento de su nueva canci\u00f3n \u201cInter\u00e9s\u201d, una canci\u00f3n con un estilo \u00fanico y aut\u00e9ntico. \u201cInter\u00e9s\u201d es una poderosa reflexi\u00f3n sobre la importancia de la actitud, el trabajo duro y la paciencia para alcanzar los sue\u00f1os y [&hellip;]<\/p>\n","protected":false},"author":2,"featured_media":24355,"comment_status":"closed","ping_status":"open","sticky":false,"template":"","format":"standard","meta":[],"categories":[93,146,2],"tags":[1371,1176],"wppr_data":{"cwp_meta_box_check":"No"},"_links":{"self":[{"href":"https:\/\/www.notaoficial.com\/s\/wp-json\/wp\/v2\/posts\/24354"}],"collection":[{"href":"https:\/\/www.notaoficial.com\/s\/wp-json\/wp\/v2\/posts"}],"about":[{"href":"https:\/\/www.notaoficial.com\/s\/wp-json\/wp\/v2\/types\/post"}],"author":[{"embeddable":true,"href":"https:\/\/www.notaoficial.com\/s\/wp-json\/wp\/v2\/users\/2"}],"replies":[{"embeddable":true,"href":"https:\/\/www.notaoficial.com\/s\/wp-json\/wp\/v2\/comments?post=24354"}],"version-history":[{"count":1,"href":"https:\/\/www.notaoficial.com\/s\/wp-json\/wp\/v2\/posts\/24354\/revisions"}],"predecessor-version":[{"id":24356,"href":"https:\/\/www.notaoficial.com\/s\/wp-json\/wp\/v2\/posts\/24354\/revisions\/24356"}],"wp:featuredmedia":[{"embeddable":true,"href":"https:\/\/www.notaoficial.com\/s\/wp-json\/wp\/v2\/media\/24355"}],"wp:attachment":[{"href":"https:\/\/www.notaoficial.com\/s\/wp-json\/wp\/v2\/media?parent=24354"}],"wp:term":[{"taxonomy":"category","embeddable":true,"href":"https:\/\/www.notaoficial.com\/s\/wp-json\/wp\/v2\/categories?post=24354"},{"taxonomy":"post_tag","embeddable":true,"href":"https:\/\/www.notaoficial.com\/s\/wp-json\/wp\/v2\/tags?post=24354"}],"curies":[{"name":"wp","href":"https:\/\/api.w.org\/{rel}","templated":true}]}}