{"id":24385,"date":"2025-01-29T22:25:24","date_gmt":"2025-01-30T02:25:24","guid":{"rendered":"https:\/\/www.notaoficial.com\/s\/?p=24385"},"modified":"2025-04-18T00:03:05","modified_gmt":"2025-04-18T04:03:05","slug":"sbm-lanza-su-nuevo-disco-niveles","status":"publish","type":"post","link":"https:\/\/www.notaoficial.com\/s\/2025\/01\/29\/sbm-lanza-su-nuevo-disco-niveles\/","title":{"rendered":"Sbm lanza su nuevo disco \u201cNiveles\u201d"},"content":{"rendered":"<p>Sebasti\u00e1n Medina, mejor conocido en el mundo de la m\u00fasica como <strong>Sbm<\/strong>, se complace en anunciar el lanzamiento de su esperado nuevo disco titulado <strong>\u201cNiveles\u201d<\/strong>. Este \u00e1lbum, distribuido por la reconocida compa\u00f1\u00eda Puntilla Music, promete llevar a los oyentes a un viaje musical sin precedentes.<\/p>\n<p><strong>\u201cNiveles\u201d<\/strong> es una obra maestra que refleja la evoluci\u00f3n art\u00edstica de <strong>Sbm<\/strong>, combinando una mezcla \u00fanica de estilos musicales como Salsa, Trap, R&amp;B, Reparto y Reggaet\u00f3n. El disco incluye colaboraciones con destacados artistas, entre ellos Ponce, con quien Sbm ha trabajado anteriormente en \u00e9xitos como \u201cApaga la Luz\u201d y \u201cRica\u201d. En esta ocasi\u00f3n, Sbm no solo se destaca como int\u00e9rprete, sino tambi\u00e9n como arreglista, productor y compositor, demostrando su versatilidad y talento multifac\u00e9tico.<\/p>\n<p><strong>Puntilla Music<\/strong>, una de las principales distribuidoras de m\u00fasica tropical, se enorgullece de apoyar a Sbm en este lanzamiento. La compa\u00f1\u00eda, conocida por su compromiso con la promoci\u00f3n de artistas latinos, asegura que \u201cNiveles\u201d ser\u00e1 un \u00e9xito rotundo en las plataformas digitales y en las listas de popularidad.<\/p>\n<p><em>\u201cEstoy incre\u00edblemente emocionado de compartir \u2018Niveles\u2019 con el mundo. Este \u00e1lbum es el resultado de mucho trabajo y dedicaci\u00f3n, y estoy agradecido por el apoyo de Puntilla Music y todos los que han sido parte de este proyecto. Espero que mis fans disfruten de cada canci\u00f3n tanto como yo disfrut\u00e9 cre\u00e1ndolas.\u201d <\/em>Coment\u00f3 Sbm<\/p>\n<p><strong>Sobre Sbm<\/strong>: Sebasti\u00e1n Medina, conocido art\u00edsticamente como Sbm, es un artista emergente que est\u00e1 subiendo de nivel r\u00e1pidamente gracias a sus trabajos de alta calidad. Con varios \u00e9xitos en su carrera, como <em>\u201cM\u00edrala\u201d, \u201cYa Me Cans\u00e9\u201d y \u201cEn Mis Sue\u00f1os\u201d<\/em>, Sbm contin\u00faa innovando y dejando una marca indeleble en la industria musical. Actualmente, se encuentra promocionando los temas <strong>\u201cOtro Nivel\u201d<\/strong> y <strong>\u201cRica\u201d.<\/strong><\/p>\n<p><strong>Video \u201cOtro Nivel\u201d: <\/strong><a href=\"https:\/\/click.convertkit-mail2.com\/lmud4p84omhmh0dqe7xb6h80m7600bg\/25h2hoh2z599e2t8\/aHR0cHM6Ly9iaXQubHkvM0JqbTFvWQ==\" target=\"_blank\" rel=\"noopener noreferrer\" data-saferedirecturl=\"https:\/\/www.google.com\/url?q=https:\/\/click.convertkit-mail2.com\/lmud4p84omhmh0dqe7xb6h80m7600bg\/25h2hoh2z599e2t8\/aHR0cHM6Ly9iaXQubHkvM0JqbTFvWQ%3D%3D&amp;source=gmail&amp;ust=1738296985314000&amp;usg=AOvVaw1JxlxV7rkTWjDt5O-auypf\"><strong>https:\/\/bit.ly\/3Bjm1oY<\/strong><\/a><strong>\u200b<\/strong><\/p>\n","protected":false},"excerpt":{"rendered":"<p>Sebasti\u00e1n Medina, mejor conocido en el mundo de la m\u00fasica como Sbm, se complace en anunciar el lanzamiento de su esperado nuevo disco titulado \u201cNiveles\u201d. Este \u00e1lbum, distribuido por la reconocida compa\u00f1\u00eda Puntilla Music, promete llevar a los oyentes a un viaje musical sin precedentes. \u201cNiveles\u201d es una obra maestra que refleja la evoluci\u00f3n art\u00edstica [&hellip;]<\/p>\n","protected":false},"author":2,"featured_media":24386,"comment_status":"closed","ping_status":"open","sticky":false,"template":"","format":"standard","meta":[],"categories":[463,146],"tags":[9947,381],"wppr_data":{"cwp_meta_box_check":"No"},"_links":{"self":[{"href":"https:\/\/www.notaoficial.com\/s\/wp-json\/wp\/v2\/posts\/24385"}],"collection":[{"href":"https:\/\/www.notaoficial.com\/s\/wp-json\/wp\/v2\/posts"}],"about":[{"href":"https:\/\/www.notaoficial.com\/s\/wp-json\/wp\/v2\/types\/post"}],"author":[{"embeddable":true,"href":"https:\/\/www.notaoficial.com\/s\/wp-json\/wp\/v2\/users\/2"}],"replies":[{"embeddable":true,"href":"https:\/\/www.notaoficial.com\/s\/wp-json\/wp\/v2\/comments?post=24385"}],"version-history":[{"count":1,"href":"https:\/\/www.notaoficial.com\/s\/wp-json\/wp\/v2\/posts\/24385\/revisions"}],"predecessor-version":[{"id":24387,"href":"https:\/\/www.notaoficial.com\/s\/wp-json\/wp\/v2\/posts\/24385\/revisions\/24387"}],"wp:featuredmedia":[{"embeddable":true,"href":"https:\/\/www.notaoficial.com\/s\/wp-json\/wp\/v2\/media\/24386"}],"wp:attachment":[{"href":"https:\/\/www.notaoficial.com\/s\/wp-json\/wp\/v2\/media?parent=24385"}],"wp:term":[{"taxonomy":"category","embeddable":true,"href":"https:\/\/www.notaoficial.com\/s\/wp-json\/wp\/v2\/categories?post=24385"},{"taxonomy":"post_tag","embeddable":true,"href":"https:\/\/www.notaoficial.com\/s\/wp-json\/wp\/v2\/tags?post=24385"}],"curies":[{"name":"wp","href":"https:\/\/api.w.org\/{rel}","templated":true}]}}