{"id":2444,"date":"2018-07-28T10:00:11","date_gmt":"2018-07-28T14:00:11","guid":{"rendered":"http:\/\/www.notaoficial.com\/s\/?p=2444"},"modified":"2018-07-27T19:54:01","modified_gmt":"2018-07-27T23:54:01","slug":"feria-canina-epa-llega-a-los-ruices","status":"publish","type":"post","link":"https:\/\/www.notaoficial.com\/s\/2018\/07\/28\/feria-canina-epa-llega-a-los-ruices\/","title":{"rendered":"Feria Canina EPA llega a Los Ruices"},"content":{"rendered":"<p>Tras un exitoso recorrido por varias ciudades del pa\u00eds, EPA llevar\u00e1 su Feria Canina a Caracas; una actividad de esparcimiento en familia donde todos pueden disfrutar y aprender sobre temas relacionados con el cuidado, alimentaci\u00f3n y entrenamiento de las mascotas.<\/p>\n<p>Los encuentros ser\u00e1n en la tienda EPA situada en el Los Ruices, municipio Sucre del estado Miranda el pr\u00f3ximo s\u00e1bado 28 de julio, desde las 10 de la ma\u00f1ana hasta las 5 de la tarde.<\/p>\n<p>Los asistentes, quienes pueden acudir con sus respectivos perros, ser\u00e1n part\u00edcipes de una serie de actividades preparadas en alianza con el Parque Canino San Diego de Carabobo; entre ellas: Doga (Yoga para perros), charlas sobre obediencia b\u00e1sica, k\u00ednder para cachorros, t\u00e9cnicas de paseo, cuidado canino ideal, due\u00f1o responsable (aspectos legales de la tenencia de mascotas), habilidades caninas, trucos, problemas de conducta, ejercicios bio-sensoriales, as\u00ed como de agilidad, entre otras tem\u00e1ticas de inter\u00e9s.<\/p>\n<p>Por su parte, las fundaciones Kirucane y Saafundacion, tendr\u00e1n presencia en el evento a fin de llevar a cabo una jornada de adopci\u00f3n. La idea es que las personas que deseen obtener una mascota para su hogar, puedan establecer contacto con el organismo dedicado a prestar este tipo de funci\u00f3n, adem\u00e1s de recibir el asesoramiento correcto.<br \/>\nLa Feria Canina tambi\u00e9n le brinda a la familia la oportunidad de adquirir art\u00edculos para mascotas, recibir informaci\u00f3n de primera mano y educarse m\u00e1s sobre ese ser que ya tiene un importante lugar en casa.<\/p>\n<p>Asimismo, los ni\u00f1os tendr\u00e1n un espacio para divertirse, ya que se contar\u00e1 con animadores, pinta caritas, colch\u00f3n inflable, concursos, jornada de adopci\u00f3n y muchas sorpresas m\u00e1s.<\/p>\n<p>Mayor informaci\u00f3n, a trav\u00e9s de la p\u00e1gina web www.epa.biz\/ve, o por las redes sociales: Twitter @FerreteriaEPAVE e Instagram @FerreteriaEPAVE y EPA Venezuela en Facebook. Usa la etiqueta #FeriaCaninaEPA.<\/p>\n","protected":false},"excerpt":{"rendered":"<p>Tras un exitoso recorrido por varias ciudades del pa\u00eds, EPA llevar\u00e1 su Feria Canina a Caracas; una actividad de esparcimiento en familia donde todos pueden disfrutar y aprender sobre temas relacionados con el cuidado, alimentaci\u00f3n y entrenamiento de las mascotas. Los encuentros ser\u00e1n en la tienda EPA situada en el Los Ruices, municipio Sucre del [&hellip;]<\/p>\n","protected":false},"author":2,"featured_media":2445,"comment_status":"closed","ping_status":"open","sticky":false,"template":"","format":"standard","meta":[],"categories":[93,94,2],"tags":[49,269,1291,1292,1293,1294],"wppr_data":[],"_links":{"self":[{"href":"https:\/\/www.notaoficial.com\/s\/wp-json\/wp\/v2\/posts\/2444"}],"collection":[{"href":"https:\/\/www.notaoficial.com\/s\/wp-json\/wp\/v2\/posts"}],"about":[{"href":"https:\/\/www.notaoficial.com\/s\/wp-json\/wp\/v2\/types\/post"}],"author":[{"embeddable":true,"href":"https:\/\/www.notaoficial.com\/s\/wp-json\/wp\/v2\/users\/2"}],"replies":[{"embeddable":true,"href":"https:\/\/www.notaoficial.com\/s\/wp-json\/wp\/v2\/comments?post=2444"}],"version-history":[{"count":1,"href":"https:\/\/www.notaoficial.com\/s\/wp-json\/wp\/v2\/posts\/2444\/revisions"}],"predecessor-version":[{"id":2446,"href":"https:\/\/www.notaoficial.com\/s\/wp-json\/wp\/v2\/posts\/2444\/revisions\/2446"}],"wp:featuredmedia":[{"embeddable":true,"href":"https:\/\/www.notaoficial.com\/s\/wp-json\/wp\/v2\/media\/2445"}],"wp:attachment":[{"href":"https:\/\/www.notaoficial.com\/s\/wp-json\/wp\/v2\/media?parent=2444"}],"wp:term":[{"taxonomy":"category","embeddable":true,"href":"https:\/\/www.notaoficial.com\/s\/wp-json\/wp\/v2\/categories?post=2444"},{"taxonomy":"post_tag","embeddable":true,"href":"https:\/\/www.notaoficial.com\/s\/wp-json\/wp\/v2\/tags?post=2444"}],"curies":[{"name":"wp","href":"https:\/\/api.w.org\/{rel}","templated":true}]}}