{"id":24454,"date":"2025-02-06T23:07:49","date_gmt":"2025-02-07T03:07:49","guid":{"rendered":"https:\/\/www.notaoficial.com\/s\/?p=24454"},"modified":"2025-02-08T00:16:22","modified_gmt":"2025-02-08T04:16:22","slug":"julian-gil-regresa-a-univision","status":"publish","type":"post","link":"https:\/\/www.notaoficial.com\/s\/2025\/02\/06\/julian-gil-regresa-a-univision\/","title":{"rendered":"Juli\u00e1n Gil regresa a Univision"},"content":{"rendered":"<p>Por Eduardo Tob\u00edas Travieso<\/p>\n<p>Con gran entusiasmo <strong>Univision<\/strong> anuncia el regreso de <strong><a href=\"https:\/\/facebook.us15.list-manage.com\/track\/click?u=d29e05f3cb957969a97f7b89e&amp;id=569c29182e&amp;e=48ce6451b1\" target=\"_blank\" rel=\"noopener\" data-saferedirecturl=\"https:\/\/www.google.com\/url?q=https:\/\/facebook.us15.list-manage.com\/track\/click?u%3Dd29e05f3cb957969a97f7b89e%26id%3D569c29182e%26e%3D48ce6451b1&amp;source=gmail&amp;ust=1739073908526000&amp;usg=AOvVaw0pHP7uigPmiFS2v1dleUsl\">Juli\u00e1n Gil<\/a>\u00a0<\/strong>a la pantalla como conductor del exitoso programa de entretenimiento, <strong>\u2018Si\u00e9ntese Quien Pueda\u2019<\/strong>. Despu\u00e9s de su destacada trayectoria en la televisi\u00f3n hispana, Gil vuelve a uno de los formatos m\u00e1s comentados y esperados por el p\u00fablico.<\/p>\n<p><strong>\u2018Si\u00e9ntese Quien Pueda\u2019<\/strong>\u00a0se ha consolidado como un programa l\u00edder en su g\u00e9nero, ofreciendo una plataforma para la opini\u00f3n, debate y entretenimiento sobre los temas m\u00e1s relevantes del mundo del espect\u00e1culo y la cultura pop. Con la carism\u00e1tica conducci\u00f3n de <strong>Juli\u00e1n Gil<\/strong>, el programa promete continuar conquistando a la audiencia con su estilo \u00fanico y din\u00e1mico.<\/p>\n<p><em>\u00abEstoy muy emocionado de regresar a mi casa de Univision y de poder conectar nuevamente con la audiencia hispana a trav\u00e9s de este programa que tiene tanto que ofrecer\u201d<\/em>, coment\u00f3 Gil. <em>\u201cSi\u00e9ntese Quien Pueda\u2019 es un espacio donde las opiniones y las emociones se expresan sin filtros, y me siento muy agradecido de ser parte de esta experiencia nuevamente\u201d.<\/em><\/p>\n<p>Juli\u00e1n Gil es reconocido por su versatilidad como actor, presentador y empresario, destac\u00e1ndose en exitosas telenovelas, realities y programas de entretenimiento en todo Estados Unidos, Puerto Rico, Rep\u00fablica Dominicana, M\u00e9xico y Latinoamerica. Su regreso a Univision reafirma su liderazgo en la televisi\u00f3n hispana y su capacidad de conectar con diversas audiencias.<\/p>\n<p><strong>\u2018Si\u00e9ntese Quien Pueda\u2019<\/strong>\u00a0se transmite de lunes a viernes a las 2:00 PM \/ 1:00 PM centro a trav\u00e9s de <strong>Univision<\/strong>, y con la conducci\u00f3n de Juli\u00e1n Gil, promete ser una experiencia a\u00fan m\u00e1s vibrante y entretenida para los televidentes, junto a <strong>Chiquibaby\u200b, Jorge Bernal, <\/strong>y los panelistas\u00a0<strong>Lucho Borrego, Alejandra Jaramillo, Alex Rodr\u00edguez y Carolina Sandoval<\/strong><strong>.<\/strong><\/p>\n<p><strong>Acerca de Univision:<\/strong><br \/>\nUnivision Communications Inc. es la principal empresa de medios de comunicaci\u00f3n que sirve a la comunidad hispana en los Estados Unidos. Su misi\u00f3n es informar, entretener y empoderar a la audiencia hispana con contenido de alta calidad y relevancia.<\/p>\n<p>Por Eduardo Tob\u00edas Travieso<\/p>\n","protected":false},"excerpt":{"rendered":"<p>Por Eduardo Tob\u00edas Travieso Con gran entusiasmo Univision anuncia el regreso de Juli\u00e1n Gil\u00a0a la pantalla como conductor del exitoso programa de entretenimiento, \u2018Si\u00e9ntese Quien Pueda\u2019. Despu\u00e9s de su destacada trayectoria en la televisi\u00f3n hispana, Gil vuelve a uno de los formatos m\u00e1s comentados y esperados por el p\u00fablico. \u2018Si\u00e9ntese Quien Pueda\u2019\u00a0se ha consolidado como [&hellip;]<\/p>\n","protected":false},"author":2,"featured_media":24455,"comment_status":"closed","ping_status":"open","sticky":false,"template":"","format":"standard","meta":[],"categories":[93,463,146],"tags":[10600,390],"wppr_data":{"cwp_meta_box_check":"No"},"_links":{"self":[{"href":"https:\/\/www.notaoficial.com\/s\/wp-json\/wp\/v2\/posts\/24454"}],"collection":[{"href":"https:\/\/www.notaoficial.com\/s\/wp-json\/wp\/v2\/posts"}],"about":[{"href":"https:\/\/www.notaoficial.com\/s\/wp-json\/wp\/v2\/types\/post"}],"author":[{"embeddable":true,"href":"https:\/\/www.notaoficial.com\/s\/wp-json\/wp\/v2\/users\/2"}],"replies":[{"embeddable":true,"href":"https:\/\/www.notaoficial.com\/s\/wp-json\/wp\/v2\/comments?post=24454"}],"version-history":[{"count":1,"href":"https:\/\/www.notaoficial.com\/s\/wp-json\/wp\/v2\/posts\/24454\/revisions"}],"predecessor-version":[{"id":24456,"href":"https:\/\/www.notaoficial.com\/s\/wp-json\/wp\/v2\/posts\/24454\/revisions\/24456"}],"wp:featuredmedia":[{"embeddable":true,"href":"https:\/\/www.notaoficial.com\/s\/wp-json\/wp\/v2\/media\/24455"}],"wp:attachment":[{"href":"https:\/\/www.notaoficial.com\/s\/wp-json\/wp\/v2\/media?parent=24454"}],"wp:term":[{"taxonomy":"category","embeddable":true,"href":"https:\/\/www.notaoficial.com\/s\/wp-json\/wp\/v2\/categories?post=24454"},{"taxonomy":"post_tag","embeddable":true,"href":"https:\/\/www.notaoficial.com\/s\/wp-json\/wp\/v2\/tags?post=24454"}],"curies":[{"name":"wp","href":"https:\/\/api.w.org\/{rel}","templated":true}]}}