{"id":24466,"date":"2025-02-07T23:28:20","date_gmt":"2025-02-08T03:28:20","guid":{"rendered":"https:\/\/www.notaoficial.com\/s\/?p=24466"},"modified":"2025-02-08T00:29:51","modified_gmt":"2025-02-08T04:29:51","slug":"mari-la-carajita-presenta-su-nuevo-sencillo-tonada-del-callejero","status":"publish","type":"post","link":"https:\/\/www.notaoficial.com\/s\/2025\/02\/07\/mari-la-carajita-presenta-su-nuevo-sencillo-tonada-del-callejero\/","title":{"rendered":"Mari \u201cLa Carajita\u201d presenta su nuevo sencillo \u201cTonada del Callejero\u201d"},"content":{"rendered":"<div class=\"gmail_default\">La destacada artista venezolana <b>Mari \u201cLa Carajita\u201d<\/b> bajo el sello discogr\u00e1fico <b>AP Global Music<\/b> lanza su nuevo sencillo, <b>\u201cTonada del Callejero\u201d<\/b>, un tema que destaca por su mezcla \u00fanica de tradici\u00f3n y modernidad. La canci\u00f3n, compuesta y producida por Mari, refleja su habilidad para fusionar influencias musicales y ofrecer una propuesta audaz y fresca.<\/p>\n<p><b>\u201cTonada del Callejero\u201d <\/b>celebra la conexi\u00f3n entre la calle y la artista, donde la voz de Mari se entrelaza con la esencia del g\u00e9nero folcl\u00f3rico de la tonada, incorporando elementos contempor\u00e1neos que crean una experiencia auditiva distintiva. La letra del sencillo revela una profunda admiraci\u00f3n por la calle, a la que personifica como un amor rec\u00edproco que tambi\u00e9n refleja una aceptaci\u00f3n personal y cultural.<\/p>\n<p>Mari explora temas de identidad y autenticidad en la canci\u00f3n, destacando su afinidad por los elementos de la cultura urbana y su deseo de mantenerse fiel a sus ra\u00edces. \u201cLa calle me est\u00e1 llamando\u201d, canta Mari, expresando su conexi\u00f3n con un entorno que considera una extensi\u00f3n de s\u00ed misma, mientras que tambi\u00e9n reflexiona sobre el valor genuino y la lealtad en un mundo que a menudo parece superficial.<\/p>\n<p>El lanzamiento del sencillo viene acompa\u00f1ado de un video musical impresionante, que captura la energ\u00eda y el esp\u00edritu de la canci\u00f3n, llevando a los espectadores a una inmersi\u00f3n visual que complementa la riqueza l\u00edrica del tema.<\/p>\n<p>Con \u201cTonada del Callejero\u201d, Mari reafirma su estatus como una de las voces m\u00e1s innovadoras de la m\u00fasica contempor\u00e1nea, presentando una obra que cautiva a todos.<br \/>\n\u201cTonada del Callejero\u201d est\u00e1 disponible en todas las plataformas digitales, permitiendo a los fans de Mari y nuevos oyentes disfrutar de su m\u00e1s reciente creaci\u00f3n.<\/p><\/div>\n","protected":false},"excerpt":{"rendered":"<p>La destacada artista venezolana Mari \u201cLa Carajita\u201d bajo el sello discogr\u00e1fico AP Global Music lanza su nuevo sencillo, \u201cTonada del Callejero\u201d, un tema que destaca por su mezcla \u00fanica de tradici\u00f3n y modernidad. La canci\u00f3n, compuesta y producida por Mari, refleja su habilidad para fusionar influencias musicales y ofrecer una propuesta audaz y fresca. \u201cTonada [&hellip;]<\/p>\n","protected":false},"author":2,"featured_media":24467,"comment_status":"closed","ping_status":"open","sticky":false,"template":"","format":"standard","meta":[],"categories":[93,146,2],"tags":[1176,381],"wppr_data":{"cwp_meta_box_check":"No"},"_links":{"self":[{"href":"https:\/\/www.notaoficial.com\/s\/wp-json\/wp\/v2\/posts\/24466"}],"collection":[{"href":"https:\/\/www.notaoficial.com\/s\/wp-json\/wp\/v2\/posts"}],"about":[{"href":"https:\/\/www.notaoficial.com\/s\/wp-json\/wp\/v2\/types\/post"}],"author":[{"embeddable":true,"href":"https:\/\/www.notaoficial.com\/s\/wp-json\/wp\/v2\/users\/2"}],"replies":[{"embeddable":true,"href":"https:\/\/www.notaoficial.com\/s\/wp-json\/wp\/v2\/comments?post=24466"}],"version-history":[{"count":1,"href":"https:\/\/www.notaoficial.com\/s\/wp-json\/wp\/v2\/posts\/24466\/revisions"}],"predecessor-version":[{"id":24468,"href":"https:\/\/www.notaoficial.com\/s\/wp-json\/wp\/v2\/posts\/24466\/revisions\/24468"}],"wp:featuredmedia":[{"embeddable":true,"href":"https:\/\/www.notaoficial.com\/s\/wp-json\/wp\/v2\/media\/24467"}],"wp:attachment":[{"href":"https:\/\/www.notaoficial.com\/s\/wp-json\/wp\/v2\/media?parent=24466"}],"wp:term":[{"taxonomy":"category","embeddable":true,"href":"https:\/\/www.notaoficial.com\/s\/wp-json\/wp\/v2\/categories?post=24466"},{"taxonomy":"post_tag","embeddable":true,"href":"https:\/\/www.notaoficial.com\/s\/wp-json\/wp\/v2\/tags?post=24466"}],"curies":[{"name":"wp","href":"https:\/\/api.w.org\/{rel}","templated":true}]}}