{"id":24533,"date":"2025-02-14T23:40:04","date_gmt":"2025-02-15T03:40:04","guid":{"rendered":"https:\/\/www.notaoficial.com\/s\/?p=24533"},"modified":"2025-02-14T23:40:04","modified_gmt":"2025-02-15T03:40:04","slug":"bernier-presenta-su-nuevo-sencillo-upgrade","status":"publish","type":"post","link":"https:\/\/www.notaoficial.com\/s\/2025\/02\/14\/bernier-presenta-su-nuevo-sencillo-upgrade\/","title":{"rendered":"Bernier presenta su nuevo sencillo \u00abUpgrade\u00bb"},"content":{"rendered":"<p><b>Bernier<\/b>, un talento en ascenso en la industria musical, lanza su nuevo sencillo titulado <b>\u201cUpgrade\u201d<\/b>. Este tema, presentado bajo el sello <b>AP Global Music<\/b>, pone de manifiesto el aspecto m\u00e1s audaz del artista, consolidando su presencia en la escena del trap latino.<\/p>\n<p><b>\u201cUpgrade\u201d<\/b> es una canci\u00f3n de trap con una letra desafiante que captura la esencia provocativa del g\u00e9nero. La producci\u00f3n estuvo a cargo de Goldi y Madd Boyy, dos reconocidos productores en el \u00e1mbito urbano que han sabido crear una atm\u00f3sfera \u00fanica y seductora. La letra, escrita por el propio Bernier, refleja su habilidad para generar contenido aut\u00e9ntico y resonante, basado en sus experiencias personales y art\u00edsticas.<\/p>\n<p>El lanzamiento de \u201cUpgrade\u201d viene acompa\u00f1ado de su video oficial (<a href=\"https:\/\/youtu.be\/DuPaabv2bO0?si=OSlkYjl2nks5-ZI8\" target=\"_blank\" rel=\"noopener\" data-saferedirecturl=\"https:\/\/www.google.com\/url?q=https:\/\/youtu.be\/DuPaabv2bO0?si%3DOSlkYjl2nks5-ZI8&amp;source=gmail&amp;ust=1739676658798000&amp;usg=AOvVaw19L6bP7inTtrWTvMQLEGb0\">https:\/\/youtu.be\/DuPaabv2bO0?<wbr \/>si=OSlkYjl2nks5-ZI8<\/a>), una explosi\u00f3n de feminidad y sensualidad dirigido por el talentoso Gabriel Graffer. Filmado en un estudio en Medell\u00edn, Colombia, el video destaca por su est\u00e9tica cuidada y su capacidad para transmitir la energ\u00eda y pasi\u00f3n que Bernier imprime en su m\u00fasica.<\/p>\n<p><i>\u201cEstoy emocionado por compartir \u2018Upgrade\u2019 con mis seguidores. Este tema representa una evoluci\u00f3n en mi m\u00fasica y espero que todos disfruten tanto de la canci\u00f3n como del video\u201d<\/i>, expres\u00f3 Bernier.<\/p>\n<p><b>\u201cUpgrade\u201d<\/b> ya se encuentra en todas las plataformas digitales, preparado para atraer a los oyentes con su combinaci\u00f3n de ritmos sugerentes y letras atrevidas.<\/p>\n","protected":false},"excerpt":{"rendered":"<p>Bernier, un talento en ascenso en la industria musical, lanza su nuevo sencillo titulado \u201cUpgrade\u201d. Este tema, presentado bajo el sello AP Global Music, pone de manifiesto el aspecto m\u00e1s audaz del artista, consolidando su presencia en la escena del trap latino. \u201cUpgrade\u201d es una canci\u00f3n de trap con una letra desafiante que captura la [&hellip;]<\/p>\n","protected":false},"author":2,"featured_media":24534,"comment_status":"closed","ping_status":"open","sticky":false,"template":"","format":"standard","meta":[],"categories":[93,146,2],"tags":[1371,381],"wppr_data":{"cwp_meta_box_check":"No"},"_links":{"self":[{"href":"https:\/\/www.notaoficial.com\/s\/wp-json\/wp\/v2\/posts\/24533"}],"collection":[{"href":"https:\/\/www.notaoficial.com\/s\/wp-json\/wp\/v2\/posts"}],"about":[{"href":"https:\/\/www.notaoficial.com\/s\/wp-json\/wp\/v2\/types\/post"}],"author":[{"embeddable":true,"href":"https:\/\/www.notaoficial.com\/s\/wp-json\/wp\/v2\/users\/2"}],"replies":[{"embeddable":true,"href":"https:\/\/www.notaoficial.com\/s\/wp-json\/wp\/v2\/comments?post=24533"}],"version-history":[{"count":1,"href":"https:\/\/www.notaoficial.com\/s\/wp-json\/wp\/v2\/posts\/24533\/revisions"}],"predecessor-version":[{"id":24535,"href":"https:\/\/www.notaoficial.com\/s\/wp-json\/wp\/v2\/posts\/24533\/revisions\/24535"}],"wp:featuredmedia":[{"embeddable":true,"href":"https:\/\/www.notaoficial.com\/s\/wp-json\/wp\/v2\/media\/24534"}],"wp:attachment":[{"href":"https:\/\/www.notaoficial.com\/s\/wp-json\/wp\/v2\/media?parent=24533"}],"wp:term":[{"taxonomy":"category","embeddable":true,"href":"https:\/\/www.notaoficial.com\/s\/wp-json\/wp\/v2\/categories?post=24533"},{"taxonomy":"post_tag","embeddable":true,"href":"https:\/\/www.notaoficial.com\/s\/wp-json\/wp\/v2\/tags?post=24533"}],"curies":[{"name":"wp","href":"https:\/\/api.w.org\/{rel}","templated":true}]}}