{"id":24582,"date":"2025-02-20T23:06:13","date_gmt":"2025-02-21T03:06:13","guid":{"rendered":"https:\/\/www.notaoficial.com\/s\/?p=24582"},"modified":"2025-02-20T23:06:13","modified_gmt":"2025-02-21T03:06:13","slug":"yndiana-ortega-una-gran-cantante-y-compositora-que-conquista-el-corazon","status":"publish","type":"post","link":"https:\/\/www.notaoficial.com\/s\/2025\/02\/20\/yndiana-ortega-una-gran-cantante-y-compositora-que-conquista-el-corazon\/","title":{"rendered":"Yndiana Ortega: una gran cantante y compositora que conquista el coraz\u00f3n"},"content":{"rendered":"<p><b>Yndiana Ortega Yaselli<\/b> es periodista, cantante y compositora. En su carrera profesional no solo ha logrado sacar temas propios que han servido de inspiraci\u00f3n para sus seguidores, sino que ha sido la encargada de componer para otros artistas reconocidos.<\/p>\n<p>Desde el 2011, Yndiana ha demostrado su gran capacidad para las artes. Ese a\u00f1o fue la voz en off de distintos circuitos radiales de su pa\u00eds natal, tales como: Emoci\u00f3n 98.1, RCR Radio y tambi\u00e9n hacia los jingles de promoci\u00f3n.En el 2012 decidi\u00f3 comenzar a trabajar con empresa y es as\u00ed como fue la voz, la productora y la compositora de los comerciales para medios de comunicaci\u00f3n de Calzados Floricienta y de la mu\u00f1eca Beb\u00e9 Melody. Durante los a\u00f1os 2013 y 2014 continu\u00f3 con su trabajo para la emisora radial Emoci\u00f3n 98.1 haciendo todos los jingles oficiales del a\u00f1o, campa\u00f1as creativas y jingles navide\u00f1os.<\/p>\n<p>Su carrera musical siempre estuvo de la mano con cualquier otro trabajo que estuviese realizando. El estilo que m\u00e1s le gusta interpretar es el R&amp;B Soul Hip Hop con mucha influencia anglo. Su primera oportunidad de manera profesional la tuvo en el 2018 con un manager reconocido de la ciudad de Medell\u00edn, Colombia, con el cual su primer sencillo promocional titulado \u00abLa duda\u00bb, tuvo vida y la ayud\u00f3 a conocer mejor c\u00f3mo se maneja todo en el mundo del entretenimiento.<\/p>\n<p>Luego de \u00abLa duda\u00bb, Yndiana se dedic\u00f3 a estudiar, a mejorar todos los aspectos necesarios para ser una gran cantante y compositora. Su segundo sencillo se llam\u00f3 \u00abHype\u00bb y fue el encargado de proyectarla a nivel internacional como la gran artistas que es. Luego le siguieron otros \u00e9xitos como \u00abGive Me My Own\u00bb, \u00abMe Gustar\u00eda\u00bb, \u00abRomantiqueo\u00bb, \u00abTu Tienes un Fuego\u00bb, \u00abLos 2\u00bb, \u00abMichelada\u00bb, \u00abHolis\u00bb, \u00abTmg\u00bb, \u00abFanatiko\u00bb y el m\u00e1s reciente lanzado el pasado mes de junio \u00ab2late\u00bb.<\/p>\n","protected":false},"excerpt":{"rendered":"<p>Yndiana Ortega Yaselli es periodista, cantante y compositora. En su carrera profesional no solo ha logrado sacar temas propios que han servido de inspiraci\u00f3n para sus seguidores, sino que ha sido la encargada de componer para otros artistas reconocidos. Desde el 2011, Yndiana ha demostrado su gran capacidad para las artes. Ese a\u00f1o fue la [&hellip;]<\/p>\n","protected":false},"author":2,"featured_media":24583,"comment_status":"closed","ping_status":"open","sticky":false,"template":"","format":"standard","meta":[],"categories":[93,146,2],"tags":[1371,381],"wppr_data":{"cwp_meta_box_check":"No"},"_links":{"self":[{"href":"https:\/\/www.notaoficial.com\/s\/wp-json\/wp\/v2\/posts\/24582"}],"collection":[{"href":"https:\/\/www.notaoficial.com\/s\/wp-json\/wp\/v2\/posts"}],"about":[{"href":"https:\/\/www.notaoficial.com\/s\/wp-json\/wp\/v2\/types\/post"}],"author":[{"embeddable":true,"href":"https:\/\/www.notaoficial.com\/s\/wp-json\/wp\/v2\/users\/2"}],"replies":[{"embeddable":true,"href":"https:\/\/www.notaoficial.com\/s\/wp-json\/wp\/v2\/comments?post=24582"}],"version-history":[{"count":1,"href":"https:\/\/www.notaoficial.com\/s\/wp-json\/wp\/v2\/posts\/24582\/revisions"}],"predecessor-version":[{"id":24584,"href":"https:\/\/www.notaoficial.com\/s\/wp-json\/wp\/v2\/posts\/24582\/revisions\/24584"}],"wp:featuredmedia":[{"embeddable":true,"href":"https:\/\/www.notaoficial.com\/s\/wp-json\/wp\/v2\/media\/24583"}],"wp:attachment":[{"href":"https:\/\/www.notaoficial.com\/s\/wp-json\/wp\/v2\/media?parent=24582"}],"wp:term":[{"taxonomy":"category","embeddable":true,"href":"https:\/\/www.notaoficial.com\/s\/wp-json\/wp\/v2\/categories?post=24582"},{"taxonomy":"post_tag","embeddable":true,"href":"https:\/\/www.notaoficial.com\/s\/wp-json\/wp\/v2\/tags?post=24582"}],"curies":[{"name":"wp","href":"https:\/\/api.w.org\/{rel}","templated":true}]}}