{"id":2459,"date":"2018-07-29T10:00:00","date_gmt":"2018-07-29T14:00:00","guid":{"rendered":"http:\/\/www.notaoficial.com\/s\/?p=2459"},"modified":"2018-07-27T20:44:41","modified_gmt":"2018-07-28T00:44:41","slug":"un-salto-en-el-tiempo-y-la-musica-en-el-centro-cultural-bod","status":"publish","type":"post","link":"https:\/\/www.notaoficial.com\/s\/2018\/07\/29\/un-salto-en-el-tiempo-y-la-musica-en-el-centro-cultural-bod\/","title":{"rendered":"Un salto en el tiempo y la m\u00fasica en el Centro Cultural BOD"},"content":{"rendered":"<p>D\u00e9borah Emperatriz llega al Centro cultural BOD para Un Salto en el Tiempo, espect\u00e1culo en el que se pasear\u00e1 por diversos estilos y g\u00e9neros: m\u00fasica venezolana, canto coral, tonadas latinoamericanas, canci\u00f3n italiana, pop y rock universal, homenajeando a su estilo a grandes artistas como Mercedes Sosa, Diego El Cigala, Cecilia Todd, Queen, Beatles, Led Zeppelin, The Carpenters, Adele y Janis Joplin, quienes la han inspirado e impulsodo a hacer de la m\u00fasica un camino permanente.<\/p>\n<p>El encuentro ser\u00e1 el viernes 27 de julio, a las 7:00 p.m., fecha en que esta estupenda vocalista vuelva a inundar la sala experimental del Centro Cultural BOD con la fuerza de su voz, en un espect\u00e1culo hecho para que todo el publico se sienta en conexi\u00f3n con la cantante y, a la vez, con su propia esencia en un viaje por la m\u00fasica de ayer y hoy.<\/p>\n<p>D\u00e9borah inici\u00f3 su formaci\u00f3n musical en el Sistema Nacional de Orquestas y Coros Juveniles e Infantiles de Venezuela y forma parte del Coro Sinf\u00f3nico Nacional Sim\u00f3n Bol\u00edvar y de la Orquesta de Rock Sinf\u00f3nico. Ahora como solista, busca crear su sello haciendo algo propio.<\/p>\n<p>Este concierto forma parte del ciclo Viernes Musicales dedicado a mostrar el trabajo de voces emergentes del pop, rock y el jazz como Fei, Grey Lioness Beatriz Occeas, Magda Albarrac\u00edn y Gladys Salazar.<\/p>\n<p>Las entradas para Deborah Emperatriz: Un salto en el tiempo est\u00e1n a la venta a trav\u00e9s del portal: www.ticketmundo.com y en las taquillas del Centro Cultural, en La Castellana.<\/p>\n<p>M\u00e1s informaci\u00f3n en la p\u00e1gina web: www.centroculturalbod.com, por los tel\u00e9fonos: 0800CCBOD (0800 22263 00) o por nuestras redes sociales en Instagram y Twitter: @cculturalbod.<\/p>\n","protected":false},"excerpt":{"rendered":"<p>D\u00e9borah Emperatriz llega al Centro cultural BOD para Un Salto en el Tiempo, espect\u00e1culo en el que se pasear\u00e1 por diversos estilos y g\u00e9neros: m\u00fasica venezolana, canto coral, tonadas latinoamericanas, canci\u00f3n italiana, pop y rock universal, homenajeando a su estilo a grandes artistas como Mercedes Sosa, Diego El Cigala, Cecilia Todd, Queen, Beatles, Led Zeppelin, [&hellip;]<\/p>\n","protected":false},"author":2,"featured_media":2460,"comment_status":"closed","ping_status":"open","sticky":false,"template":"","format":"standard","meta":[],"categories":[463,2],"tags":[1337,1187,1333,1341,379,1330,1332,380,629,1340,1338,386,1335,628,1331,1334,1339,1336],"wppr_data":[],"_links":{"self":[{"href":"https:\/\/www.notaoficial.com\/s\/wp-json\/wp\/v2\/posts\/2459"}],"collection":[{"href":"https:\/\/www.notaoficial.com\/s\/wp-json\/wp\/v2\/posts"}],"about":[{"href":"https:\/\/www.notaoficial.com\/s\/wp-json\/wp\/v2\/types\/post"}],"author":[{"embeddable":true,"href":"https:\/\/www.notaoficial.com\/s\/wp-json\/wp\/v2\/users\/2"}],"replies":[{"embeddable":true,"href":"https:\/\/www.notaoficial.com\/s\/wp-json\/wp\/v2\/comments?post=2459"}],"version-history":[{"count":1,"href":"https:\/\/www.notaoficial.com\/s\/wp-json\/wp\/v2\/posts\/2459\/revisions"}],"predecessor-version":[{"id":2461,"href":"https:\/\/www.notaoficial.com\/s\/wp-json\/wp\/v2\/posts\/2459\/revisions\/2461"}],"wp:featuredmedia":[{"embeddable":true,"href":"https:\/\/www.notaoficial.com\/s\/wp-json\/wp\/v2\/media\/2460"}],"wp:attachment":[{"href":"https:\/\/www.notaoficial.com\/s\/wp-json\/wp\/v2\/media?parent=2459"}],"wp:term":[{"taxonomy":"category","embeddable":true,"href":"https:\/\/www.notaoficial.com\/s\/wp-json\/wp\/v2\/categories?post=2459"},{"taxonomy":"post_tag","embeddable":true,"href":"https:\/\/www.notaoficial.com\/s\/wp-json\/wp\/v2\/tags?post=2459"}],"curies":[{"name":"wp","href":"https:\/\/api.w.org\/{rel}","templated":true}]}}