{"id":24600,"date":"2025-02-23T23:28:24","date_gmt":"2025-02-24T03:28:24","guid":{"rendered":"https:\/\/www.notaoficial.com\/s\/?p=24600"},"modified":"2025-02-23T23:28:24","modified_gmt":"2025-02-24T03:28:24","slug":"izis-la-enfermera-de-la-salsa-sacude-el-2025","status":"publish","type":"post","link":"https:\/\/www.notaoficial.com\/s\/2025\/02\/23\/izis-la-enfermera-de-la-salsa-sacude-el-2025\/","title":{"rendered":"Izis La Enfermera de la Salsa Sacude el 2025"},"content":{"rendered":"<p><strong>Izis La Enfermera de la Salsa<\/strong> contin\u00faa su ascenso mete\u00f3rico en la escena musical latina con el lanzamiento de su nueva canci\u00f3n <strong>\u00abTraicionera\u00bb<\/strong>, perteneciente a su exitoso \u00e1lbum \u00abA Mi Manera\u00bb. Tras un 2024 repleto de logros, donde recibi\u00f3 numerosos reconocimientos y se present\u00f3 en diversos festivales de m\u00fasica latina en Estados Unidos, Izis nos trae una vez m\u00e1s su inigualable energ\u00eda y pasi\u00f3n.<\/p>\n<p>\u00abTraicionera\u00bb fusiona elementos de m\u00fasica urbana con el contagioso ritmo de la salsa, demostrando una vez m\u00e1s la versatilidad de Izis como artista. La canci\u00f3n es una colaboraci\u00f3n brillante de Ali Alvarez, Sandra Gutierrez y Alejandro, con un magistral arreglo musical de Omar Maldonado de Segarra Music. Para complementar esta obra musical, el videoclip dirigido por Bandera Blanca Films fue grabado en Puerto Rico, capturando la esencia y el esp\u00edritu de la canci\u00f3n.<\/p>\n<p>Izis La Enfermera de la Salsa, cuyo nombre real es Isis Rosario, ha dejado una marca imborrable en la industria desde su debut. Originaria de Puerto Rico, Izis combin\u00f3 su vocaci\u00f3n de enfermera con su pasi\u00f3n por la m\u00fasica, gan\u00e1ndose el apodo que hoy lleva con orgullo. Su habilidad para fusionar g\u00e9neros y crear m\u00fasica que resuena en el coraz\u00f3n de su audiencia la ha convertido en una figura prominente en la m\u00fasica latina.<\/p>\n<p>El \u00e1lbum <strong>\u00abA Mi Manera\u00bb<\/strong> ha sido aclamado por su autenticidad y la capacidad de Izis para conectar con su p\u00fablico. Canciones como \u00abTraicionera\u00bb no solo reflejan su talento innato, sino tambi\u00e9n su compromiso con la evoluci\u00f3n y diversidad musical. Este nuevo sencillo promete ser otro \u00e9xito en su creciente repertorio.<\/p>\n<p>\u200b<a href=\"https:\/\/click.convertkit-mail2.com\/68u7xopx20a8h5vgv8ruohp38n0kkh9\/qvh8h7hrl3lpn6hg\/aHR0cHM6Ly95b3V0dS5iZS9ZQUJMcGJ3bl9ZRT9zaT1oSW1nTWdFSS1RYUl3YWll\" target=\"_blank\" rel=\"noopener noreferrer\" data-saferedirecturl=\"https:\/\/www.google.com\/url?q=https:\/\/click.convertkit-mail2.com\/68u7xopx20a8h5vgv8ruohp38n0kkh9\/qvh8h7hrl3lpn6hg\/aHR0cHM6Ly95b3V0dS5iZS9ZQUJMcGJ3bl9ZRT9zaT1oSW1nTWdFSS1RYUl3YWll&amp;source=gmail&amp;ust=1740454035954000&amp;usg=AOvVaw2m4jdW36krvP91x_3lsaVn\">Ver videoclip aqu\u00ed<\/a>\u200b<\/p>\n","protected":false},"excerpt":{"rendered":"<p>Izis La Enfermera de la Salsa contin\u00faa su ascenso mete\u00f3rico en la escena musical latina con el lanzamiento de su nueva canci\u00f3n \u00abTraicionera\u00bb, perteneciente a su exitoso \u00e1lbum \u00abA Mi Manera\u00bb. Tras un 2024 repleto de logros, donde recibi\u00f3 numerosos reconocimientos y se present\u00f3 en diversos festivales de m\u00fasica latina en Estados Unidos, Izis nos [&hellip;]<\/p>\n","protected":false},"author":2,"featured_media":24601,"comment_status":"closed","ping_status":"open","sticky":false,"template":"","format":"standard","meta":[],"categories":[93,146,2],"tags":[1371,1176],"wppr_data":{"cwp_meta_box_check":"No"},"_links":{"self":[{"href":"https:\/\/www.notaoficial.com\/s\/wp-json\/wp\/v2\/posts\/24600"}],"collection":[{"href":"https:\/\/www.notaoficial.com\/s\/wp-json\/wp\/v2\/posts"}],"about":[{"href":"https:\/\/www.notaoficial.com\/s\/wp-json\/wp\/v2\/types\/post"}],"author":[{"embeddable":true,"href":"https:\/\/www.notaoficial.com\/s\/wp-json\/wp\/v2\/users\/2"}],"replies":[{"embeddable":true,"href":"https:\/\/www.notaoficial.com\/s\/wp-json\/wp\/v2\/comments?post=24600"}],"version-history":[{"count":1,"href":"https:\/\/www.notaoficial.com\/s\/wp-json\/wp\/v2\/posts\/24600\/revisions"}],"predecessor-version":[{"id":24602,"href":"https:\/\/www.notaoficial.com\/s\/wp-json\/wp\/v2\/posts\/24600\/revisions\/24602"}],"wp:featuredmedia":[{"embeddable":true,"href":"https:\/\/www.notaoficial.com\/s\/wp-json\/wp\/v2\/media\/24601"}],"wp:attachment":[{"href":"https:\/\/www.notaoficial.com\/s\/wp-json\/wp\/v2\/media?parent=24600"}],"wp:term":[{"taxonomy":"category","embeddable":true,"href":"https:\/\/www.notaoficial.com\/s\/wp-json\/wp\/v2\/categories?post=24600"},{"taxonomy":"post_tag","embeddable":true,"href":"https:\/\/www.notaoficial.com\/s\/wp-json\/wp\/v2\/tags?post=24600"}],"curies":[{"name":"wp","href":"https:\/\/api.w.org\/{rel}","templated":true}]}}