{"id":24650,"date":"2025-03-04T23:37:14","date_gmt":"2025-03-05T03:37:14","guid":{"rendered":"https:\/\/www.notaoficial.com\/s\/?p=24650"},"modified":"2025-03-04T23:37:14","modified_gmt":"2025-03-05T03:37:14","slug":"arap-bethke-brilla-como-conductor","status":"publish","type":"post","link":"https:\/\/www.notaoficial.com\/s\/2025\/03\/04\/arap-bethke-brilla-como-conductor\/","title":{"rendered":"Arap Bethke brilla como conductor"},"content":{"rendered":"<p>Por Eduardo Tob\u00edas Travieso<\/p>\n<p>El carism\u00e1tico y talentoso actor <a href=\"https:\/\/facebook.us15.list-manage.com\/track\/click?u=d29e05f3cb957969a97f7b89e&amp;id=ef3866e0ce&amp;e=48ce6451b1\" target=\"_blank\" rel=\"noopener\" data-saferedirecturl=\"https:\/\/www.google.com\/url?q=https:\/\/facebook.us15.list-manage.com\/track\/click?u%3Dd29e05f3cb957969a97f7b89e%26id%3Def3866e0ce%26e%3D48ce6451b1&amp;source=gmail&amp;ust=1741231943657000&amp;usg=AOvVaw3ku4fFB7f3Zqlxdpfuq-qg\"><strong>Arap Bethke<\/strong><\/a> deslumbr\u00f3 a la audiencia como conductor de la m\u00e1s reciente edici\u00f3n de los <a href=\"https:\/\/facebook.us15.list-manage.com\/track\/click?u=d29e05f3cb957969a97f7b89e&amp;id=62a9e57925&amp;e=48ce6451b1\" target=\"_blank\" rel=\"noopener\" data-saferedirecturl=\"https:\/\/www.google.com\/url?q=https:\/\/facebook.us15.list-manage.com\/track\/click?u%3Dd29e05f3cb957969a97f7b89e%26id%3D62a9e57925%26e%3D48ce6451b1&amp;source=gmail&amp;ust=1741231943657000&amp;usg=AOvVaw1Ln4HtdVgQbOYlxhhdzHuH\"><strong>Premios Juventud<\/strong><\/a>, celebrados en <strong>San Juan, Puerto Rico<\/strong>, en el <strong>Coliseo Jos\u00e9 Miguel Agrelot<\/strong>,\u00a0transmitidos por la cadena\u00a0\u00a0<a href=\"https:\/\/facebook.us15.list-manage.com\/track\/click?u=d29e05f3cb957969a97f7b89e&amp;id=ca895f5dfa&amp;e=48ce6451b1\" target=\"_blank\" rel=\"noopener\" data-saferedirecturl=\"https:\/\/www.google.com\/url?q=https:\/\/facebook.us15.list-manage.com\/track\/click?u%3Dd29e05f3cb957969a97f7b89e%26id%3Dca895f5dfa%26e%3D48ce6451b1&amp;source=gmail&amp;ust=1741231943657000&amp;usg=AOvVaw35qqL9SN33nc3YBkAuAj2s\"><strong>Univision<\/strong><\/a>\u00a0l\u00a0y la plataforma de\u00a0streaming\u00a0<strong><a href=\"https:\/\/facebook.us15.list-manage.com\/track\/click?u=d29e05f3cb957969a97f7b89e&amp;id=b0b6b9d2b0&amp;e=48ce6451b1\" target=\"_blank\" rel=\"noopener\" data-saferedirecturl=\"https:\/\/www.google.com\/url?q=https:\/\/facebook.us15.list-manage.com\/track\/click?u%3Dd29e05f3cb957969a97f7b89e%26id%3Db0b6b9d2b0%26e%3D48ce6451b1&amp;source=gmail&amp;ust=1741231943657000&amp;usg=AOvVaw1P2kDLWyFv4WWRcKzmXanQ\">ViX<\/a>.<\/strong>\u00a0Su presencia magn\u00e9tica y estilo impecable lo posicionaron no solo como uno de los mejores conductores del evento, sino tambi\u00e9n como uno de los mejores vestidos de la noche.<\/p>\n<p><strong>Arap<\/strong>, conocido por su versatilidad actoral en producciones como la serie\u00a0<strong>\u00abEl Estreno Retorno de Diana Salazar\u00bb <\/strong>de<strong> ViX<\/strong>\u00a0\u00a0y <strong>\u00abFugitivas\u00bb<\/strong>, que estrena pronto por <strong>Univision<\/strong>, asumi\u00f3 el reto de conducir uno de los eventos m\u00e1s importantes para la juventud latina con elegancia y naturalidad. Su look sofisticado de <a href=\"https:\/\/facebook.us15.list-manage.com\/track\/click?u=d29e05f3cb957969a97f7b89e&amp;id=0a83359337&amp;e=48ce6451b1\" target=\"_blank\" rel=\"noopener\" data-saferedirecturl=\"https:\/\/www.google.com\/url?q=https:\/\/facebook.us15.list-manage.com\/track\/click?u%3Dd29e05f3cb957969a97f7b89e%26id%3D0a83359337%26e%3D48ce6451b1&amp;source=gmail&amp;ust=1741231943657000&amp;usg=AOvVaw2rqPNpYDQbgChIE8TqfnWH\">@jacobcisne<\/a> \/ <a href=\"https:\/\/facebook.us15.list-manage.com\/track\/click?u=d29e05f3cb957969a97f7b89e&amp;id=c84ed1e763&amp;e=48ce6451b1\" target=\"_blank\" rel=\"noopener\" data-saferedirecturl=\"https:\/\/www.google.com\/url?q=https:\/\/facebook.us15.list-manage.com\/track\/click?u%3Dd29e05f3cb957969a97f7b89e%26id%3Dc84ed1e763%26e%3D48ce6451b1&amp;source=gmail&amp;ust=1741231943657000&amp;usg=AOvVaw3CIdX5MrcBnFdfnzjvaMvq\">@britishstyleco<\/a>, un traje del stylist\u00a0<a href=\"https:\/\/facebook.us15.list-manage.com\/track\/click?u=d29e05f3cb957969a97f7b89e&amp;id=89cb6e5eb6&amp;e=48ce6451b1\" target=\"_blank\" rel=\"noopener\" data-saferedirecturl=\"https:\/\/www.google.com\/url?q=https:\/\/facebook.us15.list-manage.com\/track\/click?u%3Dd29e05f3cb957969a97f7b89e%26id%3D89cb6e5eb6%26e%3D48ce6451b1&amp;source=gmail&amp;ust=1741231943657000&amp;usg=AOvVaw0Qh--d8rUUJF0wMhRstbm4\">@rodrigoaalcantara<\/a> con joyeria de\u00a0<a href=\"https:\/\/facebook.us15.list-manage.com\/track\/click?u=d29e05f3cb957969a97f7b89e&amp;id=9a6e7754e1&amp;e=48ce6451b1\" target=\"_blank\" rel=\"noopener\" data-saferedirecturl=\"https:\/\/www.google.com\/url?q=https:\/\/facebook.us15.list-manage.com\/track\/click?u%3Dd29e05f3cb957969a97f7b89e%26id%3D9a6e7754e1%26e%3D48ce6451b1&amp;source=gmail&amp;ust=1741231943657000&amp;usg=AOvVaw2gG78efRSWlMDCYgBklJ0o\">@swarovski<\/a>, reloj y lentes de\u00a0<a href=\"https:\/\/facebook.us15.list-manage.com\/track\/click?u=d29e05f3cb957969a97f7b89e&amp;id=24ba192172&amp;e=48ce6451b1\" target=\"_blank\" rel=\"noopener\" data-saferedirecturl=\"https:\/\/www.google.com\/url?q=https:\/\/facebook.us15.list-manage.com\/track\/click?u%3Dd29e05f3cb957969a97f7b89e%26id%3D24ba192172%26e%3D48ce6451b1&amp;source=gmail&amp;ust=1741231943657000&amp;usg=AOvVaw2kheAl6CAAVOFamRe7CTQo\">@montblanc<\/a> y zapatos de\u00a0<a href=\"https:\/\/facebook.us15.list-manage.com\/track\/click?u=d29e05f3cb957969a97f7b89e&amp;id=753466ce3e&amp;e=48ce6451b1\" target=\"_blank\" rel=\"noopener\" data-saferedirecturl=\"https:\/\/www.google.com\/url?q=https:\/\/facebook.us15.list-manage.com\/track\/click?u%3Dd29e05f3cb957969a97f7b89e%26id%3D753466ce3e%26e%3D48ce6451b1&amp;source=gmail&amp;ust=1741231943657000&amp;usg=AOvVaw2jbaN_gvol_aTxEUTEtqvB\">@zegnaofficial<\/a>, destac\u00f3 por su modernidad y clase, capturando la atenci\u00f3n de los cr\u00edticos de moda, revistas especializadas y del p\u00fablico.<\/p>\n<p><em>\u00abEstoy muy agradecido por la oportunidad de haber conducido los Premios Juventud junto a Jessica Rodr\u00edguez y el hurac\u00e1n boricua Maripily Rivera. Fue una noche incre\u00edble, llena de talento y emoci\u00f3n. Me siento honrado de haber sido parte de esta celebraci\u00f3n de la m\u00fasica y la cultura latina,\u00bb <\/em>coment\u00f3 Bethke, coprotagonista de la serie de ViX <strong>\u00abEl Estreno Retorno de Diana Salazar\u00bb<\/strong>,<strong>\u00a0<\/strong>y\u00a0uno de &#8216;Los 100 Latinos m\u00e1s comprometidos con la Acci\u00f3n Clim\u00e1tica&#8217;.<\/p>\n<p>Adem\u00e1s de su labor como conductor, Arap se uni\u00f3 a la celebraci\u00f3n de la diversidad y el talento juvenil, mostrando su apoyo a los nuevos artistas y las causas sociales destacadas durante la ceremonia. Su compromiso con la comunidad y su pasi\u00f3n por el entretenimiento resonaron fuertemente con los espectadores.<\/p>\n<p>La participaci\u00f3n de <a href=\"https:\/\/facebook.us15.list-manage.com\/track\/click?u=d29e05f3cb957969a97f7b89e&amp;id=ab4e7ac69c&amp;e=48ce6451b1\" target=\"_blank\" rel=\"noopener\" data-saferedirecturl=\"https:\/\/www.google.com\/url?q=https:\/\/facebook.us15.list-manage.com\/track\/click?u%3Dd29e05f3cb957969a97f7b89e%26id%3Dab4e7ac69c%26e%3D48ce6451b1&amp;source=gmail&amp;ust=1741231943657000&amp;usg=AOvVaw0wmiLv1ssPD5YyRG5YGWKw\"><strong>Arap Bethke<\/strong><\/a>\u00a0como conductor de <strong><a href=\"https:\/\/facebook.us15.list-manage.com\/track\/click?u=d29e05f3cb957969a97f7b89e&amp;id=82d3876f1a&amp;e=48ce6451b1\" target=\"_blank\" rel=\"noopener\" data-saferedirecturl=\"https:\/\/www.google.com\/url?q=https:\/\/facebook.us15.list-manage.com\/track\/click?u%3Dd29e05f3cb957969a97f7b89e%26id%3D82d3876f1a%26e%3D48ce6451b1&amp;source=gmail&amp;ust=1741231943657000&amp;usg=AOvVaw3jYj3kGDtI4eIxLg2PKHu_\">&#8216;Noches de Estrellas&#8217;<\/a>,<\/strong>\u00a0la alfombra roja que precede al show y ceremonia principal de <strong><a href=\"https:\/\/facebook.us15.list-manage.com\/track\/click?u=d29e05f3cb957969a97f7b89e&amp;id=dfc4f797f3&amp;e=48ce6451b1\" target=\"_blank\" rel=\"noopener\" data-saferedirecturl=\"https:\/\/www.google.com\/url?q=https:\/\/facebook.us15.list-manage.com\/track\/click?u%3Dd29e05f3cb957969a97f7b89e%26id%3Ddfc4f797f3%26e%3D48ce6451b1&amp;source=gmail&amp;ust=1741231943657000&amp;usg=AOvVaw1GbrIwVjNN_v8FikCaDL4b\">Premios Juventud<\/a>,\u00a0<\/strong>no solo reafirma su posici\u00f3n como uno de los actores m\u00e1s queridos y respetados de la industria, sino que tambi\u00e9n resalta su habilidad para conectar con la audiencia en m\u00faltiples facetas del entretenimiento.<\/p>\n<p>El evento reconoce a los artistas y j\u00f3venes por sus logros extraordinarios en la sociedad, celebrando la m\u00fasica, nuestra comunidad y a los creadores de contenido m\u00e1s influyentes. Bajo el lema \u00abAtr\u00e9vete a M\u00e1s\u00bb. En la conducci\u00f3n, Arap estuvo acompa\u00f1ado de la presentadora de Despierta Am\u00e9rica\u00a0<strong>Jessica Rodr\u00edguez<\/strong> y del hurac\u00e1n boricua<strong>\u00a0<\/strong><strong>Maripily Rivera<\/strong>.<\/p>\n<p>Por Eduardo Tob\u00edas Travieso<\/p>\n","protected":false},"excerpt":{"rendered":"<p>Por Eduardo Tob\u00edas Travieso El carism\u00e1tico y talentoso actor Arap Bethke deslumbr\u00f3 a la audiencia como conductor de la m\u00e1s reciente edici\u00f3n de los Premios Juventud, celebrados en San Juan, Puerto Rico, en el Coliseo Jos\u00e9 Miguel Agrelot,\u00a0transmitidos por la cadena\u00a0\u00a0Univision\u00a0l\u00a0y la plataforma de\u00a0streaming\u00a0ViX.\u00a0Su presencia magn\u00e9tica y estilo impecable lo posicionaron no solo como uno [&hellip;]<\/p>\n","protected":false},"author":2,"featured_media":24651,"comment_status":"closed","ping_status":"open","sticky":false,"template":"","format":"standard","meta":[],"categories":[93,463,146],"tags":[10600,9947],"wppr_data":{"cwp_meta_box_check":"No"},"_links":{"self":[{"href":"https:\/\/www.notaoficial.com\/s\/wp-json\/wp\/v2\/posts\/24650"}],"collection":[{"href":"https:\/\/www.notaoficial.com\/s\/wp-json\/wp\/v2\/posts"}],"about":[{"href":"https:\/\/www.notaoficial.com\/s\/wp-json\/wp\/v2\/types\/post"}],"author":[{"embeddable":true,"href":"https:\/\/www.notaoficial.com\/s\/wp-json\/wp\/v2\/users\/2"}],"replies":[{"embeddable":true,"href":"https:\/\/www.notaoficial.com\/s\/wp-json\/wp\/v2\/comments?post=24650"}],"version-history":[{"count":1,"href":"https:\/\/www.notaoficial.com\/s\/wp-json\/wp\/v2\/posts\/24650\/revisions"}],"predecessor-version":[{"id":24652,"href":"https:\/\/www.notaoficial.com\/s\/wp-json\/wp\/v2\/posts\/24650\/revisions\/24652"}],"wp:featuredmedia":[{"embeddable":true,"href":"https:\/\/www.notaoficial.com\/s\/wp-json\/wp\/v2\/media\/24651"}],"wp:attachment":[{"href":"https:\/\/www.notaoficial.com\/s\/wp-json\/wp\/v2\/media?parent=24650"}],"wp:term":[{"taxonomy":"category","embeddable":true,"href":"https:\/\/www.notaoficial.com\/s\/wp-json\/wp\/v2\/categories?post=24650"},{"taxonomy":"post_tag","embeddable":true,"href":"https:\/\/www.notaoficial.com\/s\/wp-json\/wp\/v2\/tags?post=24650"}],"curies":[{"name":"wp","href":"https:\/\/api.w.org\/{rel}","templated":true}]}}