{"id":24696,"date":"2025-03-09T23:24:15","date_gmt":"2025-03-10T03:24:15","guid":{"rendered":"https:\/\/www.notaoficial.com\/s\/?p=24696"},"modified":"2025-03-10T00:29:41","modified_gmt":"2025-03-10T04:29:41","slug":"posicionamiento-iva-sanitario","status":"publish","type":"post","link":"https:\/\/www.notaoficial.com\/s\/2025\/03\/09\/posicionamiento-iva-sanitario\/","title":{"rendered":"Posicionamiento IVA sanitario"},"content":{"rendered":"<p>Por Eduardo Tob\u00edas Travieso Itriago<\/p>\n<p>Yolanda D\u00edaz, en la rueda de prensa posterior al Consejo de Ministros celebrado el 10 de septiembre de 2024, en las que se mostr\u00f3 partidaria de aumentar el IVA de los servicios sanitarios privados, la Asociaci\u00f3n de Centros y Empresas de Hospitalizaci\u00f3n Privada de Madrid (ACHPM), expresa lo siguiente:<\/p>\n<ul>\n<li aria-level=\"1\">La vicepresidenta segunda ha asegurado que la sanidad privada \u201ctributa al 0%\u201d. Se trata de una afirmaci\u00f3n ambigua, puesto que todos los materiales, servicios, etc. contratados por la privada tienen el tipo impositivo general.<\/li>\n<\/ul>\n<ul>\n<li aria-level=\"1\">Si se refiere al IVA que los ciudadanos pagan al contratar servicios de sanidad privada, algo que ha comparado con tener \u201cun yate\u201d, deber\u00eda tener en cuenta que en Espa\u00f1a hay m\u00e1s de 12,4 millones de personas que cuentan con alg\u00fan tipo de seguro sanitario privado. Por tanto, no puede entenderse que sea un concepto comparable a un art\u00edculo de lujo.<\/li>\n<\/ul>\n<ul>\n<li aria-level=\"1\">Entendemos que Yolanda D\u00edaz lanza este \u201cglobo sonda\u201d m\u00e1s para marcar un perfil propio de su formaci\u00f3n pol\u00edtica, Sumar, dentro del Gobierno, ya que su voz tiene cada vez menos fuerza. Pero no es la primera vez, ya se plante\u00f3 en 2020 y fue descartada por el propio Ejecutivo.<\/li>\n<\/ul>\n<p>Por Eduardo Tob\u00edas Travieso Itriago<\/p>\n<ul>\n<li aria-level=\"1\">El Gobierno, entonces, se apoy\u00f3 en un informe de la Autoridad Independiente de Responsabilidad Fiscal (Airef), que evalu\u00f3 el impacto que tendr\u00eda subir el IVA de Sanidad y Educaci\u00f3n privadas en 3.500 millones de euros.<\/li>\n<\/ul>\n<ul>\n<li aria-level=\"1\">La Airef tambi\u00e9n indic\u00f3 entonces que las exenciones en estos campos, enmarcadas dentro de la exenci\u00f3n general del IVA sobre todos los servicios educativos y sanitarios con independencia de quien los preste, est\u00e1 reconocida desde 1985, a\u00f1o en el que este impuesto se implant\u00f3 en Espa\u00f1a.<\/li>\n<\/ul>\n<ul>\n<li aria-level=\"1\">Asimismo, si se cambiara este tipo impositivo, la poblaci\u00f3n y las empresas espa\u00f1olas estar\u00edan en desigualdad de condiciones frente a otros pa\u00edses europeos que tambi\u00e9n contemplan la exenci\u00f3n de la sanidad y la educaci\u00f3n.<\/li>\n<\/ul>\n<ul>\n<li aria-level=\"1\">Pero, lo m\u00e1s grave, es que el ingreso que el Estado conseguir\u00eda de una subida del <a href=\"https:\/\/www.unespa.es\/notasdeprensa\/memoria-social-seguro-2023\/\">IVA<\/a> sanitario, pronto quedar\u00eda compensado por un mayor gasto sanitario. La subida del IVA acarrear\u00eda un aumento de costes que repercutir\u00edan en mayor o menor medida en los pacientes y, con una subida de costes en la privada, miles de personas dejar\u00edan de acudir a estos servicios para ser atendidos s\u00f3lo en la p\u00fablica, lo que implicar\u00eda una sobrecarga del sistema.<\/li>\n<\/ul>\n<p>Por Eduardo Tob\u00edas Travieso Itriago<\/p>\n<ul>\n<li aria-level=\"1\">S\u00f3lo en la Comunidad de Madrid, el \u00e1mbito de actuaci\u00f3n de la ACHPM, la sanidad privada asume el 31 % de los ingresos y de las altas realizadas, el 27 % de las estancias y el 37 % de las intervenciones quir\u00fargicas. Con un aumento impositivo, y atacando la colaboraci\u00f3n p\u00fablico-privada, m\u00e1s de 2,6 millones de ciudadanos podr\u00edan quedar desatendidos.<\/li>\n<\/ul>\n<ul>\n<li aria-level=\"1\">M\u00e1s all\u00e1 de todo lo anterior, lo m\u00e1s sorprendente de las afirmaciones de D\u00edaz es que los haga la vicepresidenta responsable de la cartera de Trabajo. Parece no haber pensado en los profesionales: m\u00e9dicos, enfermer\u00eda, auxiliares, administrativos y otros trabajadores de la sanidad privada. La sanidad privada tambi\u00e9n es un sector econ\u00f3mico, formado por grandes empresas y tambi\u00e9n por muchas pymes y aut\u00f3nomos, con peque\u00f1as consultas. Por tanto, atacar a la privada es tambi\u00e9n poner en riesgo a muchas familias. Son los mismos trabajadores a los que en otras ocasiones la vicepresidenta ha dicho defender.<\/li>\n<\/ul>\n<ul>\n<li aria-level=\"1\">Por todo ello, pedimos a la vicepresidenta segunda del Gobierno que reflexione sobre su propuesta y a la vicepresidenta primera, y ministra de Hacienda, Mar\u00eda Jes\u00fas Montero, as\u00ed como al presidente, que tengan en cuenta las recomendaciones de \u00f3rganos como la Airef y piensen en el inter\u00e9s general antes de acometer reformas que repercuten de manera negativa en los ciudadanos.<\/li>\n<\/ul>\n<p>Por Eduardo Tob\u00edas Travieso Itriago<\/p>\n","protected":false},"excerpt":{"rendered":"<p>Por Eduardo Tob\u00edas Travieso Itriago Yolanda D\u00edaz, en la rueda de prensa posterior al Consejo de Ministros celebrado el 10 de septiembre de 2024, en las que se mostr\u00f3 partidaria de aumentar el IVA de los servicios sanitarios privados, la Asociaci\u00f3n de Centros y Empresas de Hospitalizaci\u00f3n Privada de Madrid (ACHPM), expresa lo siguiente: La [&hellip;]<\/p>\n","protected":false},"author":2,"featured_media":24697,"comment_status":"closed","ping_status":"open","sticky":false,"template":"","format":"standard","meta":[],"categories":[93,146],"tags":[10604,847],"wppr_data":{"cwp_meta_box_check":"No"},"_links":{"self":[{"href":"https:\/\/www.notaoficial.com\/s\/wp-json\/wp\/v2\/posts\/24696"}],"collection":[{"href":"https:\/\/www.notaoficial.com\/s\/wp-json\/wp\/v2\/posts"}],"about":[{"href":"https:\/\/www.notaoficial.com\/s\/wp-json\/wp\/v2\/types\/post"}],"author":[{"embeddable":true,"href":"https:\/\/www.notaoficial.com\/s\/wp-json\/wp\/v2\/users\/2"}],"replies":[{"embeddable":true,"href":"https:\/\/www.notaoficial.com\/s\/wp-json\/wp\/v2\/comments?post=24696"}],"version-history":[{"count":1,"href":"https:\/\/www.notaoficial.com\/s\/wp-json\/wp\/v2\/posts\/24696\/revisions"}],"predecessor-version":[{"id":24698,"href":"https:\/\/www.notaoficial.com\/s\/wp-json\/wp\/v2\/posts\/24696\/revisions\/24698"}],"wp:featuredmedia":[{"embeddable":true,"href":"https:\/\/www.notaoficial.com\/s\/wp-json\/wp\/v2\/media\/24697"}],"wp:attachment":[{"href":"https:\/\/www.notaoficial.com\/s\/wp-json\/wp\/v2\/media?parent=24696"}],"wp:term":[{"taxonomy":"category","embeddable":true,"href":"https:\/\/www.notaoficial.com\/s\/wp-json\/wp\/v2\/categories?post=24696"},{"taxonomy":"post_tag","embeddable":true,"href":"https:\/\/www.notaoficial.com\/s\/wp-json\/wp\/v2\/tags?post=24696"}],"curies":[{"name":"wp","href":"https:\/\/api.w.org\/{rel}","templated":true}]}}