{"id":2471,"date":"2018-07-30T08:13:13","date_gmt":"2018-07-30T12:13:13","guid":{"rendered":"http:\/\/www.notaoficial.com\/s\/?p=2471"},"modified":"2018-07-27T21:22:16","modified_gmt":"2018-07-28T01:22:16","slug":"alianza-francesa-ofrece-plan-vacacional-para-ninos-y-adolescentes","status":"publish","type":"post","link":"https:\/\/www.notaoficial.com\/s\/2018\/07\/30\/alianza-francesa-ofrece-plan-vacacional-para-ninos-y-adolescentes\/","title":{"rendered":"Alianza Francesa ofrece plan vacacional para ni\u00f1os y adolescentes"},"content":{"rendered":"<p>La Alianza Francesa de Caracas ofrece una alternativa para los m\u00e1s peque\u00f1os de la casa en esta temporada de descanso escolar. Se trata del Plan Vacacional para estudiar franc\u00e9s que iniciar\u00e1 el 30 de julio y se extender\u00e1 hasta finales de agosto, en el que adem\u00e1s de aprender un segundo idioma podr\u00e1n divertirse.<\/p>\n<p>El director de la sede Chaca\u00edto, Manuel Arguinzones, se\u00f1al\u00f3 que \u201cla idea es incentivar a los ni\u00f1os y adolescentes a conocer el idioma y la cultura francesa\u201d, a trav\u00e9s de diferentes actividades recreativas. Explic\u00f3 que el acercamiento a esa lengua se hace de forma l\u00fadica mediante canciones, di\u00e1logos, peque\u00f1as piezas de teatro, manualidades, reciclaje, m\u00fasica y cine.<\/p>\n<p>\u201cEn 27 horas de clases, aprender\u00e1n a presentarse, saludar de manera formal e informal, decir sus gustos y preferencias, identificar las partes del cuerpo humano, indicar cu\u00e1les son los objetos de un sal\u00f3n de clases, sus \u00fatiles escolares, los colores, n\u00fameros, d\u00edas de la semana y los meses del a\u00f1o\u201d, se\u00f1al\u00f3.<\/p>\n<p>Cada d\u00eda se destinar\u00e1n 2 horas para el aprendizaje del franc\u00e9s y 45 minutos para las actividades extras en clase. \u201cPara el \u00faltimo d\u00eda se prev\u00e9 una actividad de cierre, donde los alumnos ser\u00e1n los protagonistas y los padres podr\u00e1n presenciar lo aprendido por ellos durante las dos semanas de iniciaci\u00f3n al idioma\u201d.<\/p>\n<p>La Alianza Francesa realiza desde hace cinco a\u00f1os planes vacacionales. Arguizones resalt\u00f3 que el de este 2018 tendr\u00e1 2 temporadas: la primera ser\u00e1 del 30 de julio al 10 de agosto y la segunda del 20 al 31 de agosto y las inscripciones para la segunda corte estar\u00e1n abiertas desde el 13 al 17 de agosto.<\/p>\n<p>El plan se llevar\u00e1 a cabo en todas las sedes de la instituci\u00f3n y podr\u00e1n participar ni\u00f1os en edades comprendidas entre 6 y 14 a\u00f1os, con un m\u00e1ximo de 12 participantes por temporada. Los horarios de la actividad recreacional comprenden de 10:00 am a 1:00 pm, y de 2:30 pm a 5:30 pm, inform\u00f3 el director.<\/p>\n<p>Para conocer m\u00e1s detalles sobre los eventos y planes educativos, puede ingresar a la p\u00e1gina oficial de la Alianza Francesa http:\/\/caracas.afvenezuela.org\/.Tambi\u00e9n pueden seguirlos a trav\u00e9s de sus cuentas en Instagram @afvenezuela, Twitter @afvenezuela y Facebook Alianza Francesa Venezuela.<\/p>\n","protected":false},"excerpt":{"rendered":"<p>La Alianza Francesa de Caracas ofrece una alternativa para los m\u00e1s peque\u00f1os de la casa en esta temporada de descanso escolar. Se trata del Plan Vacacional para estudiar franc\u00e9s que iniciar\u00e1 el 30 de julio y se extender\u00e1 hasta finales de agosto, en el que adem\u00e1s de aprender un segundo idioma podr\u00e1n divertirse. El director [&hellip;]<\/p>\n","protected":false},"author":2,"featured_media":2472,"comment_status":"closed","ping_status":"open","sticky":false,"template":"","format":"standard","meta":[],"categories":[860,140,2],"tags":[861,49,1166,1358],"wppr_data":[],"_links":{"self":[{"href":"https:\/\/www.notaoficial.com\/s\/wp-json\/wp\/v2\/posts\/2471"}],"collection":[{"href":"https:\/\/www.notaoficial.com\/s\/wp-json\/wp\/v2\/posts"}],"about":[{"href":"https:\/\/www.notaoficial.com\/s\/wp-json\/wp\/v2\/types\/post"}],"author":[{"embeddable":true,"href":"https:\/\/www.notaoficial.com\/s\/wp-json\/wp\/v2\/users\/2"}],"replies":[{"embeddable":true,"href":"https:\/\/www.notaoficial.com\/s\/wp-json\/wp\/v2\/comments?post=2471"}],"version-history":[{"count":1,"href":"https:\/\/www.notaoficial.com\/s\/wp-json\/wp\/v2\/posts\/2471\/revisions"}],"predecessor-version":[{"id":2473,"href":"https:\/\/www.notaoficial.com\/s\/wp-json\/wp\/v2\/posts\/2471\/revisions\/2473"}],"wp:featuredmedia":[{"embeddable":true,"href":"https:\/\/www.notaoficial.com\/s\/wp-json\/wp\/v2\/media\/2472"}],"wp:attachment":[{"href":"https:\/\/www.notaoficial.com\/s\/wp-json\/wp\/v2\/media?parent=2471"}],"wp:term":[{"taxonomy":"category","embeddable":true,"href":"https:\/\/www.notaoficial.com\/s\/wp-json\/wp\/v2\/categories?post=2471"},{"taxonomy":"post_tag","embeddable":true,"href":"https:\/\/www.notaoficial.com\/s\/wp-json\/wp\/v2\/tags?post=2471"}],"curies":[{"name":"wp","href":"https:\/\/api.w.org\/{rel}","templated":true}]}}