{"id":24767,"date":"2025-03-17T23:42:09","date_gmt":"2025-03-18T03:42:09","guid":{"rendered":"https:\/\/www.notaoficial.com\/s\/?p=24767"},"modified":"2025-03-22T22:12:42","modified_gmt":"2025-03-23T02:12:42","slug":"kiki-valera-y-su-son-cubano-llegan-a-nueva-york","status":"publish","type":"post","link":"https:\/\/www.notaoficial.com\/s\/2025\/03\/17\/kiki-valera-y-su-son-cubano-llegan-a-nueva-york\/","title":{"rendered":"\u00a1Kiki Valera y su Son Cubano llegan a Nueva York"},"content":{"rendered":"<p align=\"justify\">El reconocido m\u00fasico cubano <strong>Kiki Valera y su Son Cubano<\/strong>, se present\u00f3 en <strong>Joe&#8217;s Pub (Public Theatre)<\/strong>. Esta ser\u00e1 una oportunidad \u00fanica para disfrutar de la m\u00fasica tradicional cubana en vivo en la ciudad de Nueva York.<\/p>\n<p align=\"justify\">Valera, quien es considerado uno de los mejores exponentes del Son Cubano, traer\u00e1 su talento y su pasi\u00f3n por la m\u00fasica a la Gran Manzana para tres shows a principios de julio. La presentaci\u00f3n en Joe&#8217;s Pub ser\u00e1 una experiencia inolvidable para todos los amantes de la m\u00fasica latina y en especial del Son Cubano.<\/p>\n<p align=\"justify\">El Son Cubano es un g\u00e9nero musical que combina elementos africanos y espa\u00f1oles, y que se origin\u00f3 en Cuba en el siglo XIX. Kiki Valera, quien proviene de una familia de m\u00fasicos, ha sido parte de esta tradici\u00f3n musical desde su infancia y ha llevado su m\u00fasica a escenarios de todo el mundo. Ahora, gracias a la colaboraci\u00f3n con Joe&#8217;s Pub, los neoyorquinos tuvieron la oportunidad de disfrutar de su talento en vivo.<\/p>\n","protected":false},"excerpt":{"rendered":"<p>El reconocido m\u00fasico cubano Kiki Valera y su Son Cubano, se present\u00f3 en Joe&#8217;s Pub (Public Theatre). Esta ser\u00e1 una oportunidad \u00fanica para disfrutar de la m\u00fasica tradicional cubana en vivo en la ciudad de Nueva York. Valera, quien es considerado uno de los mejores exponentes del Son Cubano, traer\u00e1 su talento y su pasi\u00f3n [&hellip;]<\/p>\n","protected":false},"author":2,"featured_media":24768,"comment_status":"closed","ping_status":"open","sticky":false,"template":"","format":"standard","meta":[],"categories":[463,146],"tags":[381,10647],"wppr_data":{"cwp_meta_box_check":"No"},"_links":{"self":[{"href":"https:\/\/www.notaoficial.com\/s\/wp-json\/wp\/v2\/posts\/24767"}],"collection":[{"href":"https:\/\/www.notaoficial.com\/s\/wp-json\/wp\/v2\/posts"}],"about":[{"href":"https:\/\/www.notaoficial.com\/s\/wp-json\/wp\/v2\/types\/post"}],"author":[{"embeddable":true,"href":"https:\/\/www.notaoficial.com\/s\/wp-json\/wp\/v2\/users\/2"}],"replies":[{"embeddable":true,"href":"https:\/\/www.notaoficial.com\/s\/wp-json\/wp\/v2\/comments?post=24767"}],"version-history":[{"count":2,"href":"https:\/\/www.notaoficial.com\/s\/wp-json\/wp\/v2\/posts\/24767\/revisions"}],"predecessor-version":[{"id":24806,"href":"https:\/\/www.notaoficial.com\/s\/wp-json\/wp\/v2\/posts\/24767\/revisions\/24806"}],"wp:featuredmedia":[{"embeddable":true,"href":"https:\/\/www.notaoficial.com\/s\/wp-json\/wp\/v2\/media\/24768"}],"wp:attachment":[{"href":"https:\/\/www.notaoficial.com\/s\/wp-json\/wp\/v2\/media?parent=24767"}],"wp:term":[{"taxonomy":"category","embeddable":true,"href":"https:\/\/www.notaoficial.com\/s\/wp-json\/wp\/v2\/categories?post=24767"},{"taxonomy":"post_tag","embeddable":true,"href":"https:\/\/www.notaoficial.com\/s\/wp-json\/wp\/v2\/tags?post=24767"}],"curies":[{"name":"wp","href":"https:\/\/api.w.org\/{rel}","templated":true}]}}