{"id":24831,"date":"2025-03-23T23:18:41","date_gmt":"2025-03-24T03:18:41","guid":{"rendered":"https:\/\/www.notaoficial.com\/s\/?p=24831"},"modified":"2025-03-24T00:20:29","modified_gmt":"2025-03-24T04:20:29","slug":"dominicana-music-week-anuncia-los-detalles-de-su-proximo-evento-en-2025","status":"publish","type":"post","link":"https:\/\/www.notaoficial.com\/s\/2025\/03\/23\/dominicana-music-week-anuncia-los-detalles-de-su-proximo-evento-en-2025\/","title":{"rendered":"Dominicana Music Week Anuncia los Detalles de su Pr\u00f3ximo Evento en 2025"},"content":{"rendered":"<p>En una reciente rueda de prensa, <strong>Dominicana Music Week<\/strong> present\u00f3 los detalles m\u00e1s relevantes de su pr\u00f3ximo evento, que se llevar\u00e1 a cabo del 20 al 25 de abril de 2025. Organizado por <strong>La Oreja Media Group<\/strong>, este evento promete ser un referente en la industria musical regional, con el objetivo de impulsar el crecimiento de la m\u00fasica en el Caribe y Centroam\u00e9rica.<\/p>\n<p>El principal objetivo de Dominicana Music Week es fomentar el crecimiento de la industria musical, proporcionando una plataforma para la innovaci\u00f3n, la educaci\u00f3n y el networking entre artistas, productores, y otros profesionales del sector. La meta para 2025 es ambiciosa: cinco d\u00edas intensivos de m\u00fasica y aprendizaje que dejen un legado duradero en la industria musical.<\/p>\n<p>Desde su lanzamiento en 2023, Dominicana Music Week ha sido un evento destacado que atrae a talentos internacionales y ofrece oportunidades \u00fanicas para los talentos locales. El evento de 2025 se expandir\u00e1 a\u00fan m\u00e1s, alcanzando no solo el Caribe, sino tambi\u00e9n Centroam\u00e9rica. Con m\u00e1s conferencias, paneles y master classes, el evento proporcionar\u00e1 un entorno rico para la educaci\u00f3n y el desarrollo profesional.<\/p>\n<p>Los asistentes podr\u00e1n disfrutar de una amplia variedad de contenidos que incluyen demostraciones de m\u00fasica en vivo, talleres interactivos y sesiones de networking. El evento destacar\u00e1 la diversidad musical de la Rep\u00fablica Dominicana, dando especial valor a g\u00e9neros como el merengue, la bachata, el merengue t\u00edpico y la m\u00fasica urbana.<\/p>\n<p>Desde su inicio en 2023, Dominicana Music Week ha demostrado ser un evento fundamental para la industria musical. Las ediciones anteriores han contado con la participaci\u00f3n de reconocidos artistas y expertos de la industria, as\u00ed como la asistencia de miles de entusiastas de la m\u00fasica de todo el mundo. Los paneles de discusi\u00f3n han abordado temas cruciales como la evoluci\u00f3n de la m\u00fasica en la era digital, las estrategias de marketing musical y las oportunidades de colaboraci\u00f3n internacional. Las masters classes han proporcionado valiosas lecciones de algunos de los nombres m\u00e1s importantes de la m\u00fasica global.<\/p>\n<p>La Oreja Media Group, la organizaci\u00f3n detr\u00e1s de Dominicana Music Week, es conocida por su dedicaci\u00f3n a la promoci\u00f3n y el desarrollo de la m\u00fasica en la regi\u00f3n. Con a\u00f1os de experiencia en la producci\u00f3n de eventos de gran escala, La Oreja Media Group se ha consolidado como un l\u00edder en la industria, comprometido con la excelencia y la innovaci\u00f3n. Su equipo de profesionales trabaja incansablemente para asegurar que cada edici\u00f3n de Dominicana Music Week supere las expectativas y ofrezca una experiencia inolvidable para todos los participantes.<\/p>\n<p>Dominicana Music Week 2025 se llevar\u00e1 a cabo del 20 al 25 de abril de 2025. La venta de tickets comenzar\u00e1 en diciembre de 2024, y se espera una alta demanda debido al \u00e9xito de las ediciones anteriores.<\/p>\n","protected":false},"excerpt":{"rendered":"<p>En una reciente rueda de prensa, Dominicana Music Week present\u00f3 los detalles m\u00e1s relevantes de su pr\u00f3ximo evento, que se llevar\u00e1 a cabo del 20 al 25 de abril de 2025. Organizado por La Oreja Media Group, este evento promete ser un referente en la industria musical regional, con el objetivo de impulsar el crecimiento [&hellip;]<\/p>\n","protected":false},"author":2,"featured_media":24832,"comment_status":"closed","ping_status":"open","sticky":false,"template":"","format":"standard","meta":[],"categories":[93,463,146],"tags":[1176,9622],"wppr_data":{"cwp_meta_box_check":"No"},"_links":{"self":[{"href":"https:\/\/www.notaoficial.com\/s\/wp-json\/wp\/v2\/posts\/24831"}],"collection":[{"href":"https:\/\/www.notaoficial.com\/s\/wp-json\/wp\/v2\/posts"}],"about":[{"href":"https:\/\/www.notaoficial.com\/s\/wp-json\/wp\/v2\/types\/post"}],"author":[{"embeddable":true,"href":"https:\/\/www.notaoficial.com\/s\/wp-json\/wp\/v2\/users\/2"}],"replies":[{"embeddable":true,"href":"https:\/\/www.notaoficial.com\/s\/wp-json\/wp\/v2\/comments?post=24831"}],"version-history":[{"count":1,"href":"https:\/\/www.notaoficial.com\/s\/wp-json\/wp\/v2\/posts\/24831\/revisions"}],"predecessor-version":[{"id":24833,"href":"https:\/\/www.notaoficial.com\/s\/wp-json\/wp\/v2\/posts\/24831\/revisions\/24833"}],"wp:featuredmedia":[{"embeddable":true,"href":"https:\/\/www.notaoficial.com\/s\/wp-json\/wp\/v2\/media\/24832"}],"wp:attachment":[{"href":"https:\/\/www.notaoficial.com\/s\/wp-json\/wp\/v2\/media?parent=24831"}],"wp:term":[{"taxonomy":"category","embeddable":true,"href":"https:\/\/www.notaoficial.com\/s\/wp-json\/wp\/v2\/categories?post=24831"},{"taxonomy":"post_tag","embeddable":true,"href":"https:\/\/www.notaoficial.com\/s\/wp-json\/wp\/v2\/tags?post=24831"}],"curies":[{"name":"wp","href":"https:\/\/api.w.org\/{rel}","templated":true}]}}