{"id":24840,"date":"2025-03-26T23:52:51","date_gmt":"2025-03-27T03:52:51","guid":{"rendered":"https:\/\/www.notaoficial.com\/s\/?p=24840"},"modified":"2025-03-26T23:52:51","modified_gmt":"2025-03-27T03:52:51","slug":"telefonica-movistar-mexico-reafirma-su-compromiso-con-el-planeta","status":"publish","type":"post","link":"https:\/\/www.notaoficial.com\/s\/2025\/03\/26\/telefonica-movistar-mexico-reafirma-su-compromiso-con-el-planeta\/","title":{"rendered":"Telef\u00f3nica Movistar M\u00e9xico reafirma su compromiso con el planeta"},"content":{"rendered":"<p>Telef\u00f3nica Movistar M\u00e9xico se une a La Hora del planeta y apag\u00f3 las luces de sus oficinas corporativas el s\u00e1bado 22 de marzo de 2025 de 20:30 a 21:30 horas.<\/p>\n<p>Telef\u00f3nica Movistar M\u00e9xico reafirma su compromiso con el cuidado del medioambiente al sumarse a la iniciativa global impulsada por la organizaci\u00f3n World Wide Fund (WWF) para generar conciencia sobre el cambio clim\u00e1tico y la protecci\u00f3n de la naturaleza.<\/p>\n<p>En l\u00ednea con sus principios de Negocio Responsable, Telef\u00f3nica Movistar M\u00e9xico logr\u00f3 reducir su consumo energ\u00e9tico en un 78.2% entre 2015 y 2024, evitando la emisi\u00f3n de aproximadamente 123,749 toneladas de CO\u2082 equivalente.<\/p>\n<p>\u201cEn Telef\u00f3nica Movistar M\u00e9xico tenemos el prop\u00f3sito de impulsar un futuro m\u00e1s digital y verde. Nos unimos a La Hora del Planeta como parte de las acciones para combatir el cambio clim\u00e1tico. En 2024, la compa\u00f1\u00eda disminuy\u00f3 sus emisiones de CO\u2082 con base al 2023 equivalente en un 13%, como resultado de las iniciativas de eficiencia energ\u00e9tica\u201d, coment\u00f3 <strong>Natalia Guerra, directora de Asuntos P\u00fablicos, Regulaci\u00f3n y Negocio Mayorista de Telef\u00f3nica Movistar M\u00e9xico.<\/strong><\/p>\n<p>En M\u00e9xico, Telef\u00f3nica Movistar impulsa iniciativas bajo su compromiso de construir un futuro m\u00e1s verde. Promoviendo la econom\u00eda circular, as\u00ed como los sellos Eco Rating, para equipos terminales con ciertas caracter\u00edsticas sostenibles y Eco Smart, servicios que optimizan operaciones empresariales y miden el impacto ambiental ahorrando energ\u00eda, reduciendo CO\u2082 y fomentando la econom\u00eda circular.<\/p>\n<p>Adicional, la compa\u00f1\u00eda tambi\u00e9n fortalece sus pr\u00e1cticas ambientales a trav\u00e9s de certificaciones internacionales como ISO 14000 (Gesti\u00f3n Ambiental) e ISO 50001 (Gesti\u00f3n de Energ\u00eda), garantizando operaciones m\u00e1s eficientes y con menor impacto ecol\u00f3gico.<\/p>\n<p>Con estas acciones, Telef\u00f3nica Movistar M\u00e9xico contin\u00faa avanzando en su misi\u00f3n de conectar a m\u00e1s personas de manera sostenible, haciendo de la tecnolog\u00eda una aliada para el cuidado del planeta.<\/p>\n<p class=\"wp-block-heading\"><strong>Acerca de Telef\u00f3nica Movistar M\u00e9xico<\/strong><\/p>\n<p>Telef\u00f3nica Movistar M\u00e9xico cuenta con m\u00e1s de 24 millones de clientes en el pa\u00eds y forma parte de Telef\u00f3nica Hispanoam\u00e9rica, uno de los mayores proveedores de servicios de telecomunicaciones en la regi\u00f3n. La compa\u00f1\u00eda, que opera bajo la marca comercial Movistar, ofrece servicios de conectividad de banda ancha fija \u2013 con soluciones FTTH \u2013 y m\u00f3vil con redes 4G y 5G, adem\u00e1s de una amplia gama de servicios digitales para 113 millones de clientes residenciales y empresariales en la regi\u00f3n. Telef\u00f3nica Hispanoam\u00e9rica opera en M\u00e9xico, Venezuela, Per\u00fa, Ecuador, Uruguay y Chile.<\/p>\n","protected":false},"excerpt":{"rendered":"<p>Telef\u00f3nica Movistar M\u00e9xico se une a La Hora del planeta y apag\u00f3 las luces de sus oficinas corporativas el s\u00e1bado 22 de marzo de 2025 de 20:30 a 21:30 horas. Telef\u00f3nica Movistar M\u00e9xico reafirma su compromiso con el cuidado del medioambiente al sumarse a la iniciativa global impulsada por la organizaci\u00f3n World Wide Fund (WWF) [&hellip;]<\/p>\n","protected":false},"author":2,"featured_media":24841,"comment_status":"closed","ping_status":"open","sticky":false,"template":"","format":"standard","meta":[],"categories":[93,146],"tags":[9782,2362],"wppr_data":{"cwp_meta_box_check":"No"},"_links":{"self":[{"href":"https:\/\/www.notaoficial.com\/s\/wp-json\/wp\/v2\/posts\/24840"}],"collection":[{"href":"https:\/\/www.notaoficial.com\/s\/wp-json\/wp\/v2\/posts"}],"about":[{"href":"https:\/\/www.notaoficial.com\/s\/wp-json\/wp\/v2\/types\/post"}],"author":[{"embeddable":true,"href":"https:\/\/www.notaoficial.com\/s\/wp-json\/wp\/v2\/users\/2"}],"replies":[{"embeddable":true,"href":"https:\/\/www.notaoficial.com\/s\/wp-json\/wp\/v2\/comments?post=24840"}],"version-history":[{"count":1,"href":"https:\/\/www.notaoficial.com\/s\/wp-json\/wp\/v2\/posts\/24840\/revisions"}],"predecessor-version":[{"id":24842,"href":"https:\/\/www.notaoficial.com\/s\/wp-json\/wp\/v2\/posts\/24840\/revisions\/24842"}],"wp:featuredmedia":[{"embeddable":true,"href":"https:\/\/www.notaoficial.com\/s\/wp-json\/wp\/v2\/media\/24841"}],"wp:attachment":[{"href":"https:\/\/www.notaoficial.com\/s\/wp-json\/wp\/v2\/media?parent=24840"}],"wp:term":[{"taxonomy":"category","embeddable":true,"href":"https:\/\/www.notaoficial.com\/s\/wp-json\/wp\/v2\/categories?post=24840"},{"taxonomy":"post_tag","embeddable":true,"href":"https:\/\/www.notaoficial.com\/s\/wp-json\/wp\/v2\/tags?post=24840"}],"curies":[{"name":"wp","href":"https:\/\/api.w.org\/{rel}","templated":true}]}}