{"id":24855,"date":"2025-03-30T00:45:26","date_gmt":"2025-03-30T04:45:26","guid":{"rendered":"https:\/\/www.notaoficial.com\/s\/?p=24855"},"modified":"2025-03-30T00:45:26","modified_gmt":"2025-03-30T04:45:26","slug":"emilio-gayo-nuevo-consejero","status":"publish","type":"post","link":"https:\/\/www.notaoficial.com\/s\/2025\/03\/30\/emilio-gayo-nuevo-consejero\/","title":{"rendered":"Emilio Gayo, nuevo Consejero"},"content":{"rendered":"<p>Por Eduardo Tob\u00edas Travieso<\/p>\n<p>El Consejo de Administraci\u00f3n de Telef\u00f3nica ha aprobado hoy, tras la recomendaci\u00f3n favorable de la Comisi\u00f3n de Nombramientos, Retribuciones y Buen Gobierno a propuesta de su Presidente Ejecutivo, Marc Murtra, los siguientes cambios:<\/p>\n<p>El Consejo ha decidido aprobar el nombramiento por cooptaci\u00f3n de <strong>Emilio Gayo<\/strong> como Consejero Ejecutivo de Telef\u00f3nica y le ha nombrado asimismo Consejero Delegado del Grupo Telef\u00f3nica.<\/p>\n<p>Gayo es Ingeniero de Telecomunicaciones y MBA por el IESE. Cuenta con una s\u00f3lida trayectoria ejecutiva de m\u00e1s de 30 a\u00f1os, en los que ha liderado estrategias de transformaci\u00f3n de grandes equipos y construido alianzas con otros importantes socios tecnol\u00f3gicos. En 2004 ingres\u00f3 en el Grupo Telef\u00f3nica como Director General de Operaciones Internacionales en Telef\u00f3nica M\u00f3viles. En 2010 fue nombrado Director de Desarrollo de Negocio, Estrategia y Regulaci\u00f3n en Telef\u00f3nica Latam; en 2011 asumi\u00f3 la responsabilidad de la Direcci\u00f3n de Gran P\u00fablico en Telef\u00f3nica Espa\u00f1a, a la que dos a\u00f1os despu\u00e9s a\u00f1ade las unidades de Marketing y Empresas, y desde 2018 ha sido Presidente Ejecutivo de Telef\u00f3nica Espa\u00f1a.<\/p>\n<p>Bajo la dependencia del nuevo Consejero Delegado se mantienen los negocios de Espa\u00f1a, Brasil, Alemania y Reino Unido, as\u00ed como las unidades de B2B, Telef\u00f3nica Tech, Telef\u00f3nica Infra y CTIO. Adicionalmente, pasar\u00e1 a reportar al Consejero Delegado la unidad de negocio de Hispam, consolidando as\u00ed bajo su responsabilidad la gesti\u00f3n de todas las geograf\u00edas.<\/p>\n<p>Por Eduardo Tob\u00edas Travieso<\/p>\n<p>El Consejo de Administraci\u00f3n ha manifestado su agradecimiento a \u00c1ngel Vil\u00e1 por su extraordinaria trayectoria de m\u00e1s de 25 a\u00f1os en Telef\u00f3nica y, en especial, por su \u00faltima etapa como Consejero Delegado; una trayectoria durante la que ha estado al frente de algunas de las operaciones corporativas m\u00e1s importantes de la historia de Telef\u00f3nica. El Consejo ha destacado su contribuci\u00f3n al posicionamiento de la compa\u00f1\u00eda para afrontar los retos futuros, primero desde las \u00e1reas de Finanzas, Estrategia y Desarrollo Corporativo y, posteriormente, como Consejero Delegado, etapa en la que ha conseguido grandes logros para la compa\u00f1\u00eda.<\/p>\n<p>\u00c1ngel Vil\u00e1 ha cesado como Consejero de Telef\u00f3nica, pero continuar\u00e1 siendo miembro del Consejo de Virgin-Media O2 y ser\u00e1 propuesto para formar parte asimismo del Consejo de Telef\u00f3nica Alemania, y seguir\u00e1 vinculado a la compa\u00f1\u00eda como asesor del presidente ejecutivo, Marc Murtra.<\/p>\n<p><strong>Borja Ochoa <\/strong>asume la Presidencia Ejecutiva de Telef\u00f3nica Espa\u00f1a que ocupaba Emilio Gayo. Ochoa, hasta ahora Director General de Defensa y Seguridad en Indra, anteriormente ha sido Director General en Minsait y CEO de Minsait Payments. Es licenciado en Administraci\u00f3n de Empresas por la Universidad de Lincoln, MBA por la ESEUNE y Postgrado en E-Commerce y Tecnolog\u00eda por la Universidad de California, Berkeley. Cuenta con m\u00e1s de 18 a\u00f1os de experiencia en procesos de transformaci\u00f3n de negocio, tecnolog\u00eda e innovaci\u00f3n, con especial foco en el \u00e1rea financiera, y destaca por su capacidad para escalar negocios y generar valor.<\/p>\n<p><strong>Sof\u00eda Collado <\/strong>asumir\u00e1 la responsabilidad de liderar Telef\u00f3nica Tech. Collado, hasta ahora CHRO en Indra, tiene una amplia experiencia en gesti\u00f3n de unidades de consultor\u00eda en entornos tecnol\u00f3gicos y mercados internacionales y cuenta con m\u00e1s de 25 a\u00f1os de experiencia, principalmente en \u00e1reas de Capital Humano. Es licenciada con Premio Extraordinario en Administraci\u00f3n y Direcci\u00f3n de Empresas por la Universidad Pontificia Comillas-ICADE y cuenta con un MBA por el IESE.<\/p>\n<p>El Consejo de Telef\u00f3nica ha agradecido a Jos\u00e9 Cerd\u00e1n, CEO de Telef\u00f3nica Tech y responsable global del segmento B2B durante los \u00faltimos cinco a\u00f1os, su significativa contribuci\u00f3n para consolidar a Telef\u00f3nica Tech como una unidad de referencia clave en el crecimiento de los ingresos en el segmento de empresas de la mano de las operaciones. Cerd\u00e1n seguir\u00e1 vinculado al Grupo acompa\u00f1ando a Sof\u00eda Collado para enfocar los nuevos retos de esta unidad de negocio y apoyando a la compa\u00f1\u00eda en su anunciada reflexi\u00f3n estrat\u00e9gica.<\/p>\n<p>Por Eduardo Tob\u00edas Travieso<\/p>\n<p><strong>Sebas Muriel<\/strong> se incorpora de nuevo a <a href=\"https:\/\/www.telefonica.com\">Telef\u00f3nica<\/a> asumiendo la posici\u00f3n de Chief Digital Officer. Muriel, que durante los \u00faltimos tres a\u00f1os ha sido CEO de GroupM Spain, es Ingeniero de Telecomunicaciones y MBA en IESE y cuenta con una amplia experiencia en gesti\u00f3n empresarial y transformaci\u00f3n digital. Posee adem\u00e1s un amplio conocimiento de las operaciones de Telef\u00f3nica y de la industria de las telecomunicaciones y destaca por su capacidad para impulsar programas de transformaci\u00f3n.<\/p>\n<p>El Consejo de Administraci\u00f3n ha agradecido a Chema Alonso, hasta la fecha Chief Digital Officer, su gran impulso a la transformaci\u00f3n digital de Telef\u00f3nica durante los \u00faltimos 13 a\u00f1os, as\u00ed como su liderazgo en la ejecuci\u00f3n de las plataformas Data-Centric de la compa\u00f1\u00eda y la creaci\u00f3n del nuevo ecosistema de relaci\u00f3n con la industria y OpenGateway en su \u00faltima etapa. Chema Alonso apoyar\u00e1 con su asesoramiento tecnol\u00f3gico a Sebas Muriel en la transici\u00f3n.<\/p>\n<p>El Comit\u00e9 Ejecutivo de Telef\u00f3nica mantiene intacto su prop\u00f3sito de generar valor para todos sus grupos de inter\u00e9s y el compromiso de cumplir con los objetivos financieros y operativos de la compa\u00f1\u00eda.<\/p>\n<p>El presidente ejecutivo de Telef\u00f3nica, Marc Murtra, ha querido agradecer de forma expresa el trabajo realizado por los directivos que salen del Comit\u00e9 Ejecutivo, \u00c1ngel Vil\u00e1, Chema Alonso y Jos\u00e9 Cerd\u00e1n dese\u00e1ndoles el mayor de los \u00e9xitos en su nueva etapa profesional. Asimismo, ha dado la bienvenida como miembros del Comit\u00e9 Ejecutivo a Borja Ochoa, Sebas Muriel y Sof\u00eda Collado.<\/p>\n<p>Por Eduardo Tob\u00edas Travieso<\/p>\n","protected":false},"excerpt":{"rendered":"<p>Por Eduardo Tob\u00edas Travieso El Consejo de Administraci\u00f3n de Telef\u00f3nica ha aprobado hoy, tras la recomendaci\u00f3n favorable de la Comisi\u00f3n de Nombramientos, Retribuciones y Buen Gobierno a propuesta de su Presidente Ejecutivo, Marc Murtra, los siguientes cambios: El Consejo ha decidido aprobar el nombramiento por cooptaci\u00f3n de Emilio Gayo como Consejero Ejecutivo de Telef\u00f3nica y [&hellip;]<\/p>\n","protected":false},"author":2,"featured_media":24856,"comment_status":"closed","ping_status":"open","sticky":false,"template":"","format":"standard","meta":[],"categories":[463,146],"tags":[10600,2362],"wppr_data":{"cwp_meta_box_check":"No"},"_links":{"self":[{"href":"https:\/\/www.notaoficial.com\/s\/wp-json\/wp\/v2\/posts\/24855"}],"collection":[{"href":"https:\/\/www.notaoficial.com\/s\/wp-json\/wp\/v2\/posts"}],"about":[{"href":"https:\/\/www.notaoficial.com\/s\/wp-json\/wp\/v2\/types\/post"}],"author":[{"embeddable":true,"href":"https:\/\/www.notaoficial.com\/s\/wp-json\/wp\/v2\/users\/2"}],"replies":[{"embeddable":true,"href":"https:\/\/www.notaoficial.com\/s\/wp-json\/wp\/v2\/comments?post=24855"}],"version-history":[{"count":1,"href":"https:\/\/www.notaoficial.com\/s\/wp-json\/wp\/v2\/posts\/24855\/revisions"}],"predecessor-version":[{"id":24857,"href":"https:\/\/www.notaoficial.com\/s\/wp-json\/wp\/v2\/posts\/24855\/revisions\/24857"}],"wp:featuredmedia":[{"embeddable":true,"href":"https:\/\/www.notaoficial.com\/s\/wp-json\/wp\/v2\/media\/24856"}],"wp:attachment":[{"href":"https:\/\/www.notaoficial.com\/s\/wp-json\/wp\/v2\/media?parent=24855"}],"wp:term":[{"taxonomy":"category","embeddable":true,"href":"https:\/\/www.notaoficial.com\/s\/wp-json\/wp\/v2\/categories?post=24855"},{"taxonomy":"post_tag","embeddable":true,"href":"https:\/\/www.notaoficial.com\/s\/wp-json\/wp\/v2\/tags?post=24855"}],"curies":[{"name":"wp","href":"https:\/\/api.w.org\/{rel}","templated":true}]}}