{"id":24968,"date":"2025-04-14T23:53:57","date_gmt":"2025-04-15T03:53:57","guid":{"rendered":"https:\/\/www.notaoficial.com\/s\/?p=24968"},"modified":"2025-04-14T23:53:57","modified_gmt":"2025-04-15T03:53:57","slug":"actualizacion-sobre-paro-general","status":"publish","type":"post","link":"https:\/\/www.notaoficial.com\/s\/2025\/04\/14\/actualizacion-sobre-paro-general\/","title":{"rendered":"Actualizaci\u00f3n sobre paro general"},"content":{"rendered":"<p>El Grupo LATAM informa que debido al paro general anunciado para todo el pa\u00eds y la adherencia de los gremios que nuclean a los trabajadores de Intercargo (empresa que presta servicios de rampa en todos los aeropuertos de Argentina), se ha visto obligada a cancelar y\/o reprogramar su operaci\u00f3n desde y hacia Argentina para el d\u00eda 10 de abril.<\/p>\n<p>Aquellos pasajeros afectados por las cancelaciones y\/o reprogramaciones del 10 de abril podr\u00e1n acogerse a una de las siguientes opciones a trav\u00e9s del sitio web:<\/p>\n<p><b>Cambios de fecha\/vuelo: <\/b>Sin costo (puede ser ida y\/o regreso) para una nueva fecha, adelantando su vuelo o reprogramando posterior a la salida de su vuelo original.<\/p>\n<p><b>Devoluciones<\/b>:<\/p>\n<p>La devoluci\u00f3n aplica sin costo y para todos los cupones del ticket sin utilizar.<\/p>\n<p>Por \u00faltimo, algunos vuelos podr\u00edan no ser cancelados sino operar con alguna alteraci\u00f3n en su horario y\/o fecha de vuelo. Es por ello que sugerimos a los pasajeros que confirmen el estado de su vuelo peri\u00f3dicamente a trav\u00e9s de la p\u00e1gina web https:\/\/www.latamairlines.com\/ar\/es\/flight-status<\/p>\n<p>La compa\u00f1\u00eda reitera su compromiso con los m\u00e1s altos est\u00e1ndares en materia de seguridad y calidad de servicio.<\/p>\n","protected":false},"excerpt":{"rendered":"<p>El Grupo LATAM informa que debido al paro general anunciado para todo el pa\u00eds y la adherencia de los gremios que nuclean a los trabajadores de Intercargo (empresa que presta servicios de rampa en todos los aeropuertos de Argentina), se ha visto obligada a cancelar y\/o reprogramar su operaci\u00f3n desde y hacia Argentina para el [&hellip;]<\/p>\n","protected":false},"author":2,"featured_media":24969,"comment_status":"closed","ping_status":"open","sticky":false,"template":"","format":"standard","meta":[],"categories":[93,146],"tags":[9889,10056],"wppr_data":{"cwp_meta_box_check":"No"},"_links":{"self":[{"href":"https:\/\/www.notaoficial.com\/s\/wp-json\/wp\/v2\/posts\/24968"}],"collection":[{"href":"https:\/\/www.notaoficial.com\/s\/wp-json\/wp\/v2\/posts"}],"about":[{"href":"https:\/\/www.notaoficial.com\/s\/wp-json\/wp\/v2\/types\/post"}],"author":[{"embeddable":true,"href":"https:\/\/www.notaoficial.com\/s\/wp-json\/wp\/v2\/users\/2"}],"replies":[{"embeddable":true,"href":"https:\/\/www.notaoficial.com\/s\/wp-json\/wp\/v2\/comments?post=24968"}],"version-history":[{"count":1,"href":"https:\/\/www.notaoficial.com\/s\/wp-json\/wp\/v2\/posts\/24968\/revisions"}],"predecessor-version":[{"id":24970,"href":"https:\/\/www.notaoficial.com\/s\/wp-json\/wp\/v2\/posts\/24968\/revisions\/24970"}],"wp:featuredmedia":[{"embeddable":true,"href":"https:\/\/www.notaoficial.com\/s\/wp-json\/wp\/v2\/media\/24969"}],"wp:attachment":[{"href":"https:\/\/www.notaoficial.com\/s\/wp-json\/wp\/v2\/media?parent=24968"}],"wp:term":[{"taxonomy":"category","embeddable":true,"href":"https:\/\/www.notaoficial.com\/s\/wp-json\/wp\/v2\/categories?post=24968"},{"taxonomy":"post_tag","embeddable":true,"href":"https:\/\/www.notaoficial.com\/s\/wp-json\/wp\/v2\/tags?post=24968"}],"curies":[{"name":"wp","href":"https:\/\/api.w.org\/{rel}","templated":true}]}}