{"id":24993,"date":"2025-04-16T22:35:51","date_gmt":"2025-04-17T02:35:51","guid":{"rendered":"https:\/\/www.notaoficial.com\/s\/?p=24993"},"modified":"2025-04-17T23:41:23","modified_gmt":"2025-04-18T03:41:23","slug":"chevrolet-express-max-impulsa-los-negocios-en-mexico","status":"publish","type":"post","link":"https:\/\/www.notaoficial.com\/s\/2025\/04\/16\/chevrolet-express-max-impulsa-los-negocios-en-mexico\/","title":{"rendered":"Chevrolet Express MAX impulsa los negocios en M\u00e9xico"},"content":{"rendered":"<p><b> <\/b>Chevrolet incorpora a su portafolio la nueva Chevrolet Express MAX 2025, un veh\u00edculo con el que la marca establece un nuevo est\u00e1ndar en el segmento de las\u00a0<i>vans<\/i>\u00a0medianas, gracias a su dise\u00f1o exterior atractivo, espacio y capacidad de carga, adem\u00e1s del equipamiento interior m\u00e1s completo de su categor\u00eda.<\/p>\n<p>\u201cChevrolet Express MAX satisface las expectativas m\u00e1s altas de los clientes de nuestras <i>vans <\/i>comerciales, ofreciendo una propuesta \u00fanica que combina dise\u00f1o, rendimiento y capacidad para llevar su empresa a otro nivel, al enfocarse en las necesidades de los negocios modernos\u201d, coment\u00f3 \u00c1ngel Pacheco, Gerente de Mercadotecnia de Chevrolet.<\/p>\n<p><b>Dise\u00f1o exterior e interior y tecnolog\u00eda<\/b><\/p>\n<p>Chevrolet Express MAX destaca por el dise\u00f1o de su fascia delantera en el mismo color de la carrocer\u00eda, faros LED con control autom\u00e1tico y rines de acero de 16\u201d. Adem\u00e1s, realza su imagen con un dise\u00f1o innovador con l\u00edneas estilizadas, que la convierten en una propuesta \u00fanica dentro de su segmento.<\/p>\n<p>La cabina con capacidad para 3 pasajeros combina confort y funcionalidad. Su dise\u00f1o interior prioriza la practicidad diaria, con portavasos y m\u00faltiples espacios de almacenamiento. Ofrece caracter\u00edsticas que mejoran la experiencia del usuario, como llave de presencia, encendido por bot\u00f3n, apertura y cierre de cristales con un solo toque en ambas ventanas, volante con ajuste manual de altura, controles de audio, control crucero y aire acondicionado manual.<\/p>\n<p>Incluye m\u00e1xima tecnolog\u00eda dise\u00f1ada para cumplir los objetivos de los negocios. Cuenta con una pantalla de infoentretenimiento de 12.3\u201d compatible con Apple CarPlay<sup>\u00ae<\/sup> y Android Auto<sup>\u00ae<\/sup>, complementada por un cl\u00faster digital de 4.2\u201d.<\/p>\n<p>Chevrolet Express MAX es una opci\u00f3n vers\u00e1til y funcional. Su volumen de carga de 8.3 m\u00b3 y capacidad para hasta 1,295 kg ofrece una soluci\u00f3n \u00f3ptima para las necesidades de transporte y reparto. Adem\u00e1s, brinda acceso pr\u00e1ctico y eficiente a la zona de carga, gracias a su puerta deslizable en el lado derecho y a las puertas traseras de doble apertura de hasta 180\u00b0.<\/p>\n<p><b>Tren motriz<\/b><\/p>\n<p>Chevrolet Express MAX est\u00e1 equipada con un motor Turbo Di\u00e9sel de 4 cilindros y 2.0 litros, que ofrece una potencia de 167 HP y un torque de 276 libras-pie, acoplado a una transmisi\u00f3n manual de 6 velocidades. Incorpora un tanque de combustible de 80 litros y una suspensi\u00f3n delantera McPherson, garantizando rendimiento, eficiencia y una conducci\u00f3n estable y confiable.<\/p>\n<p><b>Seguridad integral<\/b><\/p>\n<p>En t\u00e9rminos de seguridad, Chevrolet Express MAX est\u00e1 equipada con una c\u00e1mara de visi\u00f3n trasera HD, sensor de presi\u00f3n de llantas y 2 bolsas de aire frontales, para garantizar la protecci\u00f3n del conductor y los pasajeros. Adem\u00e1s, cuenta con sensores de reversa con alarma ac\u00fastica, columna de direcci\u00f3n con control de bloqueo el\u00e9ctrico, control crucero autom\u00e1tico electr\u00f3nico, adem\u00e1s de frenos de disco delanteros y traseros con sistema ABS y EBD, para un mayor nivel de funcionalidad y seguridad.<\/p>\n<p><b>Comercializaci\u00f3n<\/b><\/p>\n<p>Chevrolet Express MAX 2025 est\u00e1 disponible en la Red de Distribuidores Chevrolet de la Rep\u00fablica Mexicana en tres colores diferentes, blanco, plata y negro, con un precio competitivo de $758,100. Adem\u00e1s, para beneficio de los clientes, se incluir\u00e1 el primer servicio de mantenimiento en la compra de esta <i>van.<\/i><\/p>\n","protected":false},"excerpt":{"rendered":"<p>Chevrolet incorpora a su portafolio la nueva Chevrolet Express MAX 2025, un veh\u00edculo con el que la marca establece un nuevo est\u00e1ndar en el segmento de las\u00a0vans\u00a0medianas, gracias a su dise\u00f1o exterior atractivo, espacio y capacidad de carga, adem\u00e1s del equipamiento interior m\u00e1s completo de su categor\u00eda. \u201cChevrolet Express MAX satisface las expectativas m\u00e1s altas [&hellip;]<\/p>\n","protected":false},"author":2,"featured_media":24997,"comment_status":"closed","ping_status":"open","sticky":false,"template":"","format":"standard","meta":[],"categories":[93,146,2],"tags":[10599,199],"wppr_data":{"cwp_meta_box_check":"No"},"_links":{"self":[{"href":"https:\/\/www.notaoficial.com\/s\/wp-json\/wp\/v2\/posts\/24993"}],"collection":[{"href":"https:\/\/www.notaoficial.com\/s\/wp-json\/wp\/v2\/posts"}],"about":[{"href":"https:\/\/www.notaoficial.com\/s\/wp-json\/wp\/v2\/types\/post"}],"author":[{"embeddable":true,"href":"https:\/\/www.notaoficial.com\/s\/wp-json\/wp\/v2\/users\/2"}],"replies":[{"embeddable":true,"href":"https:\/\/www.notaoficial.com\/s\/wp-json\/wp\/v2\/comments?post=24993"}],"version-history":[{"count":1,"href":"https:\/\/www.notaoficial.com\/s\/wp-json\/wp\/v2\/posts\/24993\/revisions"}],"predecessor-version":[{"id":24998,"href":"https:\/\/www.notaoficial.com\/s\/wp-json\/wp\/v2\/posts\/24993\/revisions\/24998"}],"wp:featuredmedia":[{"embeddable":true,"href":"https:\/\/www.notaoficial.com\/s\/wp-json\/wp\/v2\/media\/24997"}],"wp:attachment":[{"href":"https:\/\/www.notaoficial.com\/s\/wp-json\/wp\/v2\/media?parent=24993"}],"wp:term":[{"taxonomy":"category","embeddable":true,"href":"https:\/\/www.notaoficial.com\/s\/wp-json\/wp\/v2\/categories?post=24993"},{"taxonomy":"post_tag","embeddable":true,"href":"https:\/\/www.notaoficial.com\/s\/wp-json\/wp\/v2\/tags?post=24993"}],"curies":[{"name":"wp","href":"https:\/\/api.w.org\/{rel}","templated":true}]}}