{"id":2519,"date":"2018-08-02T08:41:54","date_gmt":"2018-08-02T12:41:54","guid":{"rendered":"http:\/\/www.notaoficial.com\/s\/?p=2519"},"modified":"2018-08-01T10:47:59","modified_gmt":"2018-08-01T14:47:59","slug":"6to-festival-de-cine-aleman-presenta-muestra-en-la-sala-cabrujas-de-los-palos-grandes","status":"publish","type":"post","link":"https:\/\/www.notaoficial.com\/s\/2018\/08\/02\/6to-festival-de-cine-aleman-presenta-muestra-en-la-sala-cabrujas-de-los-palos-grandes\/","title":{"rendered":"6to Festival de Cine Alem\u00e1n presenta muestra  en la Sala Cabrujas de Los Palos Grandes"},"content":{"rendered":"<p>Lo mejor de la cinematograf\u00eda alemana actual llegar\u00e1 a la Sala Cabrujas de Los Palos Grandes, con una muestra del 6to Festival de Cine Alem\u00e1n 2018, que ofrecer\u00e1n el Goethe-Institut y Cultura Chacao del 9 al 11 y del 16 al 19 de agosto, en horario jueves y viernes a las 5 pm, s\u00e1bados y domingo a las 4 pm, con entrada libre.<\/p>\n<p>La muestra se iniciar\u00e1 el jueves 9 de agosto con la pel\u00edcula \u201c24 semanas\u201d de Anne Zohra Berrached, sobre una exitosa humorista que a las 24 semanas de su segundo embarazo debe tomar una decisi\u00f3n al enterarse que el hijo que espera tiene S\u00edndrome de Down y presenta una anomal\u00eda card\u00edaca grave.<\/p>\n<p>El viernes 10 de agosto podr\u00e1 verse \u201cKaddisch para un amigo\u201d, una cinta de Leo Khasin que cuenta la historia de Ali, un chico que se muda a Kreuzberg junto a su familia desde un campo de refugiados, y para intentar encajar con los dem\u00e1s chicos del barrio participa en el destrozo del apartamento de su vecino, poniendo en peligro su estad\u00eda en el pa\u00eds.<\/p>\n<p>El s\u00e1bado 11 de agosto ser\u00e1 el turno de \u201cEl expediente Bauer\u201d, un filme de Stephan Wagner en torno a la conocida traves\u00eda del famoso fiscal general alem\u00e1n Fritz Bauer, quien se empe\u00f1\u00f3 en saldar las cuentas de toda una naci\u00f3n despu\u00e9s de la Segunda Guerra Mundial para dar paso a una verdadera democracia.<\/p>\n<p>El jueves 16 de agosto ser\u00e1 proyectada la pel\u00edcula \u201cRecuerdos desde Fukushima\u201d de Doris D\u00f6rrie, sobre la vida de una mujer que decide viajar a las ruinas de Fukushima, donde encuentra un inesperado refugio junto a la \u00faltima geisha de la ciudad; y el viernes 17 de agosto se exhibir\u00e1 la comedia \u201cCoconut Hero\u201d, de Florian Cossen, acerca de un joven de 16 a\u00f1os cuyo deseo m\u00e1s grande es morir, y luego de la decepci\u00f3n de sobrevivir a un intento de suicidio, se entera que tiene un tumor cerebral.<\/p>\n<p>El s\u00e1bado 18 de agosto continuar\u00e1n las proyecciones con \u201cUn bello horizonte\u201d, de Stefan J\u00e4ger, pel\u00edcula que muestra el encuentro de un funcionario suizo de f\u00fatbol con la historia de un joven hu\u00e9rfano et\u00edope que sue\u00f1a con ser futbolista; y el domingo 19 de agosto cerrar\u00e1 la programaci\u00f3n con la cinta \u201cCasa sin techo\u201d, de Soleen Yusef, en la que se narra c\u00f3mo tres hermanos marcados por el conflicto kurdo se unen para cumplir el \u00faltimo deseo de su madre<\/p>\n<p>El p\u00fablico podr\u00e1 disfrutar de esta muestra del 6to Festival de Cine Alem\u00e1n 2018, los d\u00edas 9, 10, 11, 16, 17, 18 y 19 de agosto en la Sala Cabrujas de Cultura Chacao, ubicada en la 3era avenida de los Palos Grandes. El horario es los jueves y viernes a las 5 p.m., y los s\u00e1bados y el domingo a las 4 p.m. La entrada es gratis.<\/p>\n<p>Mayor informaci\u00f3n puede ser solicitada por la p\u00e1gina web: cultura.chacao.gob.ve, a trav\u00e9s de la cuenta de Twitter: @culturachacao Facebook: culturachacao.org Instagram: culturachacao<\/p>\n","protected":false},"excerpt":{"rendered":"<p>Lo mejor de la cinematograf\u00eda alemana actual llegar\u00e1 a la Sala Cabrujas de Los Palos Grandes, con una muestra del 6to Festival de Cine Alem\u00e1n 2018, que ofrecer\u00e1n el Goethe-Institut y Cultura Chacao del 9 al 11 y del 16 al 19 de agosto, en horario jueves y viernes a las 5 pm, s\u00e1bados y [&hellip;]<\/p>\n","protected":false},"author":2,"featured_media":2520,"comment_status":"closed","ping_status":"open","sticky":false,"template":"","format":"standard","meta":[],"categories":[463,2],"tags":[1430,1432,1434,277,1433,1435,1431],"wppr_data":[],"_links":{"self":[{"href":"https:\/\/www.notaoficial.com\/s\/wp-json\/wp\/v2\/posts\/2519"}],"collection":[{"href":"https:\/\/www.notaoficial.com\/s\/wp-json\/wp\/v2\/posts"}],"about":[{"href":"https:\/\/www.notaoficial.com\/s\/wp-json\/wp\/v2\/types\/post"}],"author":[{"embeddable":true,"href":"https:\/\/www.notaoficial.com\/s\/wp-json\/wp\/v2\/users\/2"}],"replies":[{"embeddable":true,"href":"https:\/\/www.notaoficial.com\/s\/wp-json\/wp\/v2\/comments?post=2519"}],"version-history":[{"count":1,"href":"https:\/\/www.notaoficial.com\/s\/wp-json\/wp\/v2\/posts\/2519\/revisions"}],"predecessor-version":[{"id":2521,"href":"https:\/\/www.notaoficial.com\/s\/wp-json\/wp\/v2\/posts\/2519\/revisions\/2521"}],"wp:featuredmedia":[{"embeddable":true,"href":"https:\/\/www.notaoficial.com\/s\/wp-json\/wp\/v2\/media\/2520"}],"wp:attachment":[{"href":"https:\/\/www.notaoficial.com\/s\/wp-json\/wp\/v2\/media?parent=2519"}],"wp:term":[{"taxonomy":"category","embeddable":true,"href":"https:\/\/www.notaoficial.com\/s\/wp-json\/wp\/v2\/categories?post=2519"},{"taxonomy":"post_tag","embeddable":true,"href":"https:\/\/www.notaoficial.com\/s\/wp-json\/wp\/v2\/tags?post=2519"}],"curies":[{"name":"wp","href":"https:\/\/api.w.org\/{rel}","templated":true}]}}