{"id":25333,"date":"2025-05-18T23:14:34","date_gmt":"2025-05-19T03:14:34","guid":{"rendered":"https:\/\/www.notaoficial.com\/s\/?p=25333"},"modified":"2025-05-19T23:20:33","modified_gmt":"2025-05-20T03:20:33","slug":"telefonica-hispanoamerica-acuerda-vender-a-telecom-argentina-su-operacion-en-argentina-2","status":"publish","type":"post","link":"https:\/\/www.notaoficial.com\/s\/2025\/05\/18\/telefonica-hispanoamerica-acuerda-vender-a-telecom-argentina-su-operacion-en-argentina-2\/","title":{"rendered":"Telef\u00f3nica Hispanoam\u00e9rica acuerda vender a Telecom Argentina su operaci\u00f3n en Argentina"},"content":{"rendered":"<p><strong>Telef\u00f3nica Hispanoam\u00e9rica<\/strong> ha llegado a un acuerdo con <strong>TELECOM Argentina<\/strong> para vender la totalidad de sus acciones en el capital social de <strong>Telef\u00f3nica Argentina<\/strong>. La transacci\u00f3n valorada en <strong>1.245 millones de d\u00f3lares<\/strong> se inscribe en la estrategia del Grupo de <strong>reducir la exposici\u00f3n a la regi\u00f3n<\/strong> y continuar operando de forma sostenible para construir valor para sus accionistas.<\/p>\n<p>La firma y cierre de la transacci\u00f3n ha tenido lugar simult\u00e1neamente en\u00a0el\u00a0d\u00eda\u00a0de\u00a0hoy.<\/p>\n<div class=\"article__title\">\n<h1 class=\"entry-title entry-singular\">5G, Telef\u00f3nica, Meta y una colaboraci\u00f3n para optimizar la entrega de videos en redes m\u00f3viles<\/h1>\n<p><strong>Mejor experiencia<\/strong> para las personas y <strong>reducci\u00f3n del tr\u00e1fico en la red<\/strong> son los principales beneficios del compromiso entre <a href=\"https:\/\/www.telefonica.com.ar\/tag\/telefonica\/\"><strong>Telef\u00f3nica<\/strong><\/a> y <strong>Meta<\/strong>, casa matriz de <strong>Instagram<\/strong> y <strong>Facebook<\/strong>, para <strong>acelerar la optimizaci\u00f3n de video<\/strong> en Hispanoam\u00e9rica, aprovechando la creciente adopci\u00f3n del <a href=\"https:\/\/www.telefonica.com.ar\/tag\/5g\/\"><strong>5G<\/strong><\/a> en la regi\u00f3n.<\/p>\n<p>Europa fue el primer escenario para la optimizaci\u00f3n de video, una experiencia que ayud\u00f3 a que las personas disfruten de <strong>experiencias de v<\/strong><strong>i<\/strong><strong>deo m\u00e1s fluidas<\/strong>, mientras <strong>se reduce el tr\u00e1fico<\/strong> y se mejora la eficiencia de la red.<\/p>\n<p><strong>Argentina<\/strong>, <strong>Chile<\/strong>, <strong>Colombia<\/strong>, <strong>Ecuador<\/strong>, <strong>M\u00e9xico<\/strong>, <strong>Per\u00fa<\/strong>, <strong>Uruguay<\/strong> y <strong>Venezuela<\/strong> son los mercados en donde la optimizaci\u00f3n de video ya est\u00e1 en marcha, anunciaron las empresas.<\/p>\n<h2 class=\"wp-block-heading\">Eficiencia<\/h2>\n<p><strong>Telef\u00f3nica<\/strong> y <strong>Meta<\/strong> est\u00e1n comprometidas en <strong>apoyar las redes innovadoras<\/strong>, fiables, resilientes y sostenibles. La colaboraci\u00f3n en la optimizaci\u00f3n de video es un paso importante hacia este objetivo.<\/p>\n<p><strong>Meta<\/strong> est\u00e1 enfocada en <strong>mejorar continuamente su ingenier\u00eda de video<\/strong> e infraestructura con el fin de acercar el contenido a los usuarios, ayudando a mejorar tanto su experiencia, como <strong>mejorar la eficiencia de sus aplicaciones<\/strong>.<\/p>\n<p><strong>Meta<\/strong> y <strong>Telef\u00f3nica<\/strong> siguen comprometidos con mejorar las experiencias de video y aumentar la eficiencia de la red. Ambas empresas esperan continuar colaborando estrechamente, incluyendo la <strong>adopci\u00f3n de los \u00faltimos y m\u00e1s eficientes c\u00f3decs de v<\/strong><strong>i<\/strong><strong>deo<\/strong> y el <strong>desarrollo de est\u00e1ndares<\/strong> que mejoren la coordinaci\u00f3n entre las aplicaciones y las redes.<\/p>\n<p><strong>Andrea Folgueiras<\/strong>, CTIO de Telef\u00f3nica Hispam, expres\u00f3 su entusiasmo por la colaboraci\u00f3n: \u201cLa optimizaci\u00f3n de video es un paso importante hacia la construcci\u00f3n de redes innovadoras y sostenibles. Estamos comprometidos con mejorar la eficiencia de la red y reducir el tr\u00e1fico de red, lo que permitir\u00e1 a nuestros usuarios disfrutar de <strong>experiencias de v<\/strong><strong>i<\/strong><strong>deo de alta calidad<\/strong>\u201d.<\/p>\n<p><strong>Gaya Nagarajan<\/strong>, vicepresidente de Ingenier\u00eda de Redes en Meta, reafirm\u00f3 el compromiso de continuar colaborando con socios innovadores como Telef\u00f3nica: \u201cLa optimizaci\u00f3n de video es un \u00e1rea clave para mejorar la eficiencia y reducir el tr\u00e1fico de la red. Este nuevo hito se construye en base a la colaboraci\u00f3n que llev\u00e1bamos desarrollando con Telef\u00f3nica durante meses y ha sido desplegado en la regi\u00f3n\u201d.<\/p>\n<p>&nbsp;<\/p>\n<\/div>\n","protected":false},"excerpt":{"rendered":"<p>Telef\u00f3nica Hispanoam\u00e9rica ha llegado a un acuerdo con TELECOM Argentina para vender la totalidad de sus acciones en el capital social de Telef\u00f3nica Argentina. La transacci\u00f3n valorada en 1.245 millones de d\u00f3lares se inscribe en la estrategia del Grupo de reducir la exposici\u00f3n a la regi\u00f3n y continuar operando de forma sostenible para construir valor [&hellip;]<\/p>\n","protected":false},"author":2,"featured_media":25337,"comment_status":"closed","ping_status":"open","sticky":false,"template":"","format":"standard","meta":[],"categories":[93,146,2],"tags":[17,7594],"wppr_data":{"cwp_meta_box_check":"No"},"_links":{"self":[{"href":"https:\/\/www.notaoficial.com\/s\/wp-json\/wp\/v2\/posts\/25333"}],"collection":[{"href":"https:\/\/www.notaoficial.com\/s\/wp-json\/wp\/v2\/posts"}],"about":[{"href":"https:\/\/www.notaoficial.com\/s\/wp-json\/wp\/v2\/types\/post"}],"author":[{"embeddable":true,"href":"https:\/\/www.notaoficial.com\/s\/wp-json\/wp\/v2\/users\/2"}],"replies":[{"embeddable":true,"href":"https:\/\/www.notaoficial.com\/s\/wp-json\/wp\/v2\/comments?post=25333"}],"version-history":[{"count":1,"href":"https:\/\/www.notaoficial.com\/s\/wp-json\/wp\/v2\/posts\/25333\/revisions"}],"predecessor-version":[{"id":25338,"href":"https:\/\/www.notaoficial.com\/s\/wp-json\/wp\/v2\/posts\/25333\/revisions\/25338"}],"wp:featuredmedia":[{"embeddable":true,"href":"https:\/\/www.notaoficial.com\/s\/wp-json\/wp\/v2\/media\/25337"}],"wp:attachment":[{"href":"https:\/\/www.notaoficial.com\/s\/wp-json\/wp\/v2\/media?parent=25333"}],"wp:term":[{"taxonomy":"category","embeddable":true,"href":"https:\/\/www.notaoficial.com\/s\/wp-json\/wp\/v2\/categories?post=25333"},{"taxonomy":"post_tag","embeddable":true,"href":"https:\/\/www.notaoficial.com\/s\/wp-json\/wp\/v2\/tags?post=25333"}],"curies":[{"name":"wp","href":"https:\/\/api.w.org\/{rel}","templated":true}]}}