{"id":2540,"date":"2018-08-03T12:20:55","date_gmt":"2018-08-03T16:20:55","guid":{"rendered":"http:\/\/www.notaoficial.com\/s\/?p=2540"},"modified":"2018-08-02T07:30:12","modified_gmt":"2018-08-02T11:30:12","slug":"residentes-de-orl-se-preparan-para-divulgar-sus-trabajos-cientificos","status":"publish","type":"post","link":"https:\/\/www.notaoficial.com\/s\/2018\/08\/03\/residentes-de-orl-se-preparan-para-divulgar-sus-trabajos-cientificos\/","title":{"rendered":"Residentes de ORL se preparan para divulgar sus trabajos cient\u00edficos"},"content":{"rendered":"<p>La Sociedad Venezolana de Otorrinolaringolog\u00eda (SVORL) conjuntamente con la Fundaci\u00f3n Calox llev\u00f3 a cabo el 31\u00ba Taller Complementario para la Formaci\u00f3n de Residentes en la Elaboraci\u00f3n de Trabajos Cient\u00edficos.<\/p>\n<p>As\u00ed lo dio a conocer la doctora Ligia Acosta, presidenta de la Sociedad Venezolana de Otorrinolaringolog\u00eda y jefa del servicio de ORL del hospital J. M. de los R\u00edos.<\/p>\n<p>En esta ocasi\u00f3n, m\u00e9dicos residentes de los hospitales Vargas, Domingo Luciani de El Llanito, Jos\u00e9 Gregorio Hern\u00e1ndez de los Magallanes de Catia, Cl\u00ednico Universitario y J. M. de Los R\u00edos se congregaron para conocer la importancia de presentar efectivamente trabajos cient\u00edficos con claridad y precisi\u00f3n a trav\u00e9s de posters, art\u00edculos, presentaciones, trabajos libres y piezas audiovisuales a fin de darlos a conocer, contribuir con la divulgaci\u00f3n de los hallazgos e investigaciones m\u00e9dicas, adem\u00e1s de crearse una reputaci\u00f3n profesional en el campo cient\u00edfico dentro y fuera del pa\u00eds.<\/p>\n<p>Para ello, el equipo docente estim\u00f3 fundamental el buen manejo de t\u00e9cnicas metodol\u00f3gicas de uso internacional, la tipolog\u00eda, formas y estructura de la publicaci\u00f3n cient\u00edfica, los aspectos estad\u00edsticos b\u00e1sicos requeridos, as\u00ed como los criterios de autor\u00eda, aspectos \u00e9ticos y referencias bibliogr\u00e1ficas seg\u00fan las normativas aceptadas mundialmente.<\/p>\n<p>Incentivar la generaci\u00f3n de contenido v\u00e1lido y confiable<br \/>\nLa SVORL considera prioritario capacitar a los m\u00e9dicos residentes para que puedan aportar conocimiento a trav\u00e9s de trabajos de calidad.<\/p>\n<p>En ese sentido, la profesora Consuelo de Francisco destaca la importancia de observar los aspectos \u00e9ticos y metodol\u00f3gicos que otorgan validez y credibilidad a un art\u00edculo de esa naturaleza.<\/p>\n<p>Bajo esa misma tendencia, la doctora Brenda Hotton, editora de la revista Archivos de Pediatr\u00eda, se pronunci\u00f3 por \u201cllenar ese vac\u00edo de informaci\u00f3n cient\u00edfica que prevalece desde 2009 hasta nuestros d\u00edas, m\u00e1s all\u00e1 de los inconvenientes y atendiendo la rigurosidad y formalidades del caso\u201d.<\/p>\n<p>Por su parte, Yanet Bastidas, m\u00e9dico docente del posgrado de ORL, calific\u00f3 como positivo y de gran impacto lograr una comunicaci\u00f3n efectiva y una escucha activa ante un trabajo cient\u00edfico bien presentado tanto en publicaciones y medios digitales como en congresos m\u00e9dicos donde suele exhibirse este tipo de producciones.<\/p>\n<p>\u201cDebemos erradicar esa cantidad de trampas e irregularidades que prevalecen y le restan seriedad y trascendencia a la investigaci\u00f3n cient\u00edfica en nuestro pa\u00eds. Por eso sostengo que es b\u00e1sico producir con honestidad, transparencia y confianza para evitar el fraude cient\u00edfico y labrarnos un nombre y un prestigio en el \u00e1rea\u201d, expres\u00f3 Herber Stegemann, psiquiatra y asesor de art\u00edculos cient\u00edficos.<\/p>\n<p>Divulgar el conocimiento cient\u00edfico<br \/>\nUno de los objetivos trazados por la Fundaci\u00f3n Calox desde su creaci\u00f3n tiene que ver con la divulgaci\u00f3n del conocimiento, tanto para la comunidad como para los profesionales de la salud en la mira hacia un servicio asistencial de calidad.<br \/>\n\u201cM\u00e1s de 8 mil m\u00e9dicos avalan nuestro esfuerzo sostenido a lo largo de 21 a\u00f1os sirviendo a la comunidad. Seguiremos dise\u00f1ando programas y apoyando actividades como \u00e9sta que impulsen el bienestar integral de todos los venezolanos\u201d, asever\u00f3 Patricia Correa, Gerente de Mercadeo de Calox International.<\/p>\n","protected":false},"excerpt":{"rendered":"<p>La Sociedad Venezolana de Otorrinolaringolog\u00eda (SVORL) conjuntamente con la Fundaci\u00f3n Calox llev\u00f3 a cabo el 31\u00ba Taller Complementario para la Formaci\u00f3n de Residentes en la Elaboraci\u00f3n de Trabajos Cient\u00edficos. As\u00ed lo dio a conocer la doctora Ligia Acosta, presidenta de la Sociedad Venezolana de Otorrinolaringolog\u00eda y jefa del servicio de ORL del hospital J. M. [&hellip;]<\/p>\n","protected":false},"author":2,"featured_media":2541,"comment_status":"closed","ping_status":"open","sticky":false,"template":"","format":"standard","meta":[],"categories":[762,126,2],"tags":[1490,1489,1491,1487,1488,1484,763,1486,342,1485,1482,1483],"wppr_data":[],"_links":{"self":[{"href":"https:\/\/www.notaoficial.com\/s\/wp-json\/wp\/v2\/posts\/2540"}],"collection":[{"href":"https:\/\/www.notaoficial.com\/s\/wp-json\/wp\/v2\/posts"}],"about":[{"href":"https:\/\/www.notaoficial.com\/s\/wp-json\/wp\/v2\/types\/post"}],"author":[{"embeddable":true,"href":"https:\/\/www.notaoficial.com\/s\/wp-json\/wp\/v2\/users\/2"}],"replies":[{"embeddable":true,"href":"https:\/\/www.notaoficial.com\/s\/wp-json\/wp\/v2\/comments?post=2540"}],"version-history":[{"count":1,"href":"https:\/\/www.notaoficial.com\/s\/wp-json\/wp\/v2\/posts\/2540\/revisions"}],"predecessor-version":[{"id":2542,"href":"https:\/\/www.notaoficial.com\/s\/wp-json\/wp\/v2\/posts\/2540\/revisions\/2542"}],"wp:featuredmedia":[{"embeddable":true,"href":"https:\/\/www.notaoficial.com\/s\/wp-json\/wp\/v2\/media\/2541"}],"wp:attachment":[{"href":"https:\/\/www.notaoficial.com\/s\/wp-json\/wp\/v2\/media?parent=2540"}],"wp:term":[{"taxonomy":"category","embeddable":true,"href":"https:\/\/www.notaoficial.com\/s\/wp-json\/wp\/v2\/categories?post=2540"},{"taxonomy":"post_tag","embeddable":true,"href":"https:\/\/www.notaoficial.com\/s\/wp-json\/wp\/v2\/tags?post=2540"}],"curies":[{"name":"wp","href":"https:\/\/api.w.org\/{rel}","templated":true}]}}