{"id":25412,"date":"2025-05-26T10:12:52","date_gmt":"2025-05-26T14:12:52","guid":{"rendered":"https:\/\/www.notaoficial.com\/s\/?p=25412"},"modified":"2025-05-26T10:12:52","modified_gmt":"2025-05-26T14:12:52","slug":"la-universidad-de-malaga-se-convierte-en-el-epicentro-de-la-investigacion-en-ciencias-planetarias","status":"publish","type":"post","link":"https:\/\/www.notaoficial.com\/s\/2025\/05\/26\/la-universidad-de-malaga-se-convierte-en-el-epicentro-de-la-investigacion-en-ciencias-planetarias\/","title":{"rendered":"La Universidad de M\u00e1laga se convierte en el epicentro de la investigaci\u00f3n en Ciencias Planetarias"},"content":{"rendered":"<p>Esta semana los mayores especialistas nacionales e iberoamericanos en Ciencias Planetarias se dar\u00e1n cita en la Universidad de M\u00e1laga, con motivo de la celebraci\u00f3n de la octava edici\u00f3n del congreso <a href=\"https:\/\/federacionastronomica.es\/index.php\/encuentros-y-congresos\/666-viii-congreso-de-ciencias-planetarias-cpess-8\">CPESS<\/a>, que comienza esta tarde, a partir de las 15:00 horas, en la Escuela de Ingenier\u00edas Industriales.<\/p>\n<p>Organizado localmente por los grupos de investigaci\u00f3n <a href=\"https:\/\/laser.uma.es\/\" target=\"_blank\" rel=\"noopener\">\u2018LaserLab\u2019<\/a> y <a href=\"https:\/\/www.uma.es\/space-robotics\">\u2018Space Robotics Lab\u2019<\/a> de la UMA, en colaboraci\u00f3n con la <a href=\"https:\/\/spainportugal-eps.org\/index.php\/es\/ciencias-planetarias-s-p\">Comunidad Espa\u00f1ola de Ciencias Planetarias<\/a> y el <a href=\"https:\/\/spainportugal-eps.org\/\">Nodo Ib\u00e9rico de la Sociedad Europlanet<\/a>, esta cita cient\u00edfica se desarrollar\u00e1 hasta el pr\u00f3ximo 30 de mayo.<\/p>\n<p>El congreso otorga un importante papel a la pol\u00edtica cient\u00edfica, contando con la presencia de representantes de la Agencia Espacial Espa\u00f1ola y de la Agencia Estatal de Investigaci\u00f3n. As\u00ed, las sesiones de tecnolog\u00eda espacial tendr\u00e1n una fuerte presencia de la industria y de los principales centros de desarrollo de instrumentaci\u00f3n espacial, y las sesiones cient\u00edficas cubrir\u00e1n el amplio abanico de tem\u00e1ticas en los que trabajan grupos de investigaci\u00f3n planetaria de las principales instituciones p\u00fablicas.<\/p>\n<p>El congreso, tal y como se\u00f1alan sus organizadores, ser\u00e1 el marco de trabajo id\u00f3neo para debatir sobre la situaci\u00f3n actual de las Ciencias Planetarias en Espa\u00f1a y la extensi\u00f3n de las oportunidades de colaboraci\u00f3n a nivel institucional, cient\u00edfico, tecnol\u00f3gico e industrial con representantes de Espa\u00f1a, Portugal e Iberoam\u00e9rica.<\/p>\n<p>Entre las figuras que se reunir\u00e1n estos d\u00edas en la Universidad de M\u00e1laga destacan las de los espa\u00f1olas Isabel P\u00e9rez Grande y Eva D\u00edaz Catal\u00e1, directora de Ciencia, Tecnolog\u00eda e Innovaci\u00f3n, y jefa de \u00c1rea de Ciencia y Exploraci\u00f3n de la Agencia Espacial Espa\u00f1ola, respectivamente; Marina D\u00edaz Michelena, coordinadora de la sub\u00e1rea \u201cEspacio\u201d de la Agencia Estatal de Investigaci\u00f3n; Alejandro Cardes\u00edn, responsable del nodo ib\u00e9rico de Europlanet o Fernando Rull, uno de los m\u00e1s destacados cient\u00edficos internacionales en distintas misiones a Marte de la NASA, la Agencia Espacial Europea o la Agencia Espacial Japonesa, entre otros del nutrido elenco de referencias dentro de la investigaci\u00f3n aeroespacial.<\/p>\n<p>Los organizadores locales de este encuentro son los profesores Jos\u00e9 Miguel Vadillo y Carlos P\u00e9rez del Pulgar, de los Departamentos de Qu\u00edmica Anal\u00edtica e Ingenier\u00eda de Sistemas y Autom\u00e1tica, respectivamente. Ambos grupos de investigaci\u00f3n desarrollan investigaci\u00f3n en el \u00e1mbito aeroespacial y mantienen colaboraciones y proyectos relacionadas con algunas de las misiones espaciales que ser\u00e1n tratadas durante CPESS-8.<\/p>\n<p>El programa consta de mesas redondas sobre sinergia ciencia-industria, debates, conferencias, sesiones dedicadas a contribuciones de los grupos de investigaci\u00f3n planetaria de las principales instituciones p\u00fablicas y eventos para apoyar a los j\u00f3venes investigadores y promover la colaboraci\u00f3n con astr\u00f3nomos aficionados, as\u00ed como de divulgaci\u00f3n cient\u00edfica.<\/p>\n<p>Misiones planetarias, instrumentaci\u00f3n y tecnolog\u00eda; planetas an\u00e1logos a la Tierra, cuerpos celestes peque\u00f1os; exoplanetas o astrobiolog\u00eda son algunos de los temas que se abordar\u00e1n en las m\u00e1s de 200 comunicaciones que se presentar\u00e1n a lo largo de estos d\u00edas.<\/p>\n","protected":false},"excerpt":{"rendered":"<p>Esta semana los mayores especialistas nacionales e iberoamericanos en Ciencias Planetarias se dar\u00e1n cita en la Universidad de M\u00e1laga, con motivo de la celebraci\u00f3n de la octava edici\u00f3n del congreso CPESS, que comienza esta tarde, a partir de las 15:00 horas, en la Escuela de Ingenier\u00edas Industriales. Organizado localmente por los grupos de investigaci\u00f3n \u2018LaserLab\u2019 [&hellip;]<\/p>\n","protected":false},"author":2,"featured_media":25416,"comment_status":"closed","ping_status":"open","sticky":false,"template":"","format":"standard","meta":[],"categories":[93,146,2],"tags":[10686,10544],"wppr_data":{"cwp_meta_box_check":"No"},"_links":{"self":[{"href":"https:\/\/www.notaoficial.com\/s\/wp-json\/wp\/v2\/posts\/25412"}],"collection":[{"href":"https:\/\/www.notaoficial.com\/s\/wp-json\/wp\/v2\/posts"}],"about":[{"href":"https:\/\/www.notaoficial.com\/s\/wp-json\/wp\/v2\/types\/post"}],"author":[{"embeddable":true,"href":"https:\/\/www.notaoficial.com\/s\/wp-json\/wp\/v2\/users\/2"}],"replies":[{"embeddable":true,"href":"https:\/\/www.notaoficial.com\/s\/wp-json\/wp\/v2\/comments?post=25412"}],"version-history":[{"count":1,"href":"https:\/\/www.notaoficial.com\/s\/wp-json\/wp\/v2\/posts\/25412\/revisions"}],"predecessor-version":[{"id":25417,"href":"https:\/\/www.notaoficial.com\/s\/wp-json\/wp\/v2\/posts\/25412\/revisions\/25417"}],"wp:featuredmedia":[{"embeddable":true,"href":"https:\/\/www.notaoficial.com\/s\/wp-json\/wp\/v2\/media\/25416"}],"wp:attachment":[{"href":"https:\/\/www.notaoficial.com\/s\/wp-json\/wp\/v2\/media?parent=25412"}],"wp:term":[{"taxonomy":"category","embeddable":true,"href":"https:\/\/www.notaoficial.com\/s\/wp-json\/wp\/v2\/categories?post=25412"},{"taxonomy":"post_tag","embeddable":true,"href":"https:\/\/www.notaoficial.com\/s\/wp-json\/wp\/v2\/tags?post=25412"}],"curies":[{"name":"wp","href":"https:\/\/api.w.org\/{rel}","templated":true}]}}