{"id":25422,"date":"2025-05-27T09:30:57","date_gmt":"2025-05-27T13:30:57","guid":{"rendered":"https:\/\/www.notaoficial.com\/s\/?p=25422"},"modified":"2025-05-27T09:30:57","modified_gmt":"2025-05-27T13:30:57","slug":"cerca-de-13-000-personas-mayores-se-sienten-menos-solas-y-mas-conectadas-gracias-a-voces-en-red","status":"publish","type":"post","link":"https:\/\/www.notaoficial.com\/s\/2025\/05\/27\/cerca-de-13-000-personas-mayores-se-sienten-menos-solas-y-mas-conectadas-gracias-a-voces-en-red\/","title":{"rendered":"Cerca de 13.000 personas mayores se sienten menos solas y m\u00e1s conectadas gracias a Voces en Red"},"content":{"rendered":"<p>La soledad no deseada es uno de los grandes retos a los que se enfrenta la sociedad actual. Se trata de una soledad que \u201cduele\u201d, y est\u00e1 provocada por la falta de relaci\u00f3n con otras personas, y la falta de vinculaci\u00f3n con el entorno comunitario. Este tipo de soledad no elegida puede llegar en cualquier momento, y no tiene ni edad ni g\u00e9nero, aunque afecta de manera muy especial a las personas mayores.<\/p>\n<p>Para afrontar esta problem\u00e1tica, Cruz Roja Espa\u00f1ola desarrolla desde 2023 Voces en Red, gracias a la colaboraci\u00f3n de la Fundaci\u00f3n Amancio Ortega, afrontando el gran reto social de paliar la soledad no deseada, y que desde entonces ya ha dado respuesta a cerca de 13.000 personas mayores (m\u00e1s del 83% mujeres), con las que ha realizado m\u00e1s de 134.000 actividades gracias a la implicaci\u00f3n de 2.400 personas voluntarias.<\/p>\n<p>Voces En Red tiene como objetivo principal acercar a las personas mayores a sus entornos sociales m\u00e1s cercanos, como familiares y amistades, favoreciendo su integraci\u00f3n y participaci\u00f3n activa en la sociedad. A trav\u00e9s del uso de dispositivos de voz, las personas mayores pueden interactuar f\u00e1cilmente con sus seres queridos y mantenerse conectados con el mundo que les rodea, de forma sencilla y accesible.<\/p>\n<h4>Tecnolog\u00eda al servicio de las personas<\/h4>\n<p>Esta innovaci\u00f3n social busca mejorar la calidad de vida de las personas mayores, combinando el voluntariado y el uso de asistentes de voz, una tecnolog\u00eda novedosa de f\u00e1cil uso que puede activarse mediante comandos de voz, lo que facilita las interacciones de manera natural y c\u00f3moda. Adem\u00e1s, permiten realizar videollamadas con familiares y amigos, lo que ayuda a crear conexiones significativas a pesar de la distancia.<\/p>\n<p>Los asistentes de voz, adem\u00e1s, ofrecen una amplia variedad de opciones interesantes que enriquecen tanto el conocimiento como el ocio, incorporando aplicaciones, juegos, la posibilidad de escuchar m\u00fasica, conocer curiosidades y acceder a datos culturales, entre otras funcionalidades. Estas herramientas convierten la tecnolog\u00eda en una aliada para el bienestar y la diversi\u00f3n de las personas mayores, promoviendo un entorno m\u00e1s din\u00e1mico y enriquecedor.<\/p>\n<h4>El voluntariado, referente de escucha y compa\u00f1\u00eda<\/h4>\n<p>Aunque la tecnolog\u00eda es un factor fundamental en esta iniciativa, lo verdaderamente diferencial es el componente humano que Cruz Roja incorpora a trav\u00e9s de su red de personas voluntarias. La labor del voluntariado es esencial en la implementaci\u00f3n de Voces en Red, ya que su acompa\u00f1amiento y cercan\u00eda proporcionan un valor a\u00f1adido a la interacci\u00f3n digital.<\/p>\n<p>Y es que el voluntariado no solo facilita el aprendizaje de las personas mayores para que puedan utilizar los asistentes de voz, sino que crean una red de apoyo emocional y social facilitando el contacto con los seres queridos y siendo un referente de escucha y compa\u00f1\u00eda, mejorando el bienestar de las personas mayores y fortaleciendo el sentido de solidaridad y cooperaci\u00f3n en la comunidad.<\/p>\n<p>A trav\u00e9s de Voces en Red, Cruz Roja Espa\u00f1ola y la Fundaci\u00f3n Amancio Ortega reafirman su compromiso con la lucha contra la exclusi\u00f3n social, el fomento de la inclusi\u00f3n digital, la atenci\u00f3n personalizada y la mejora del bienestar de los mayores, y sobre todo, el fortalecimiento de las conexiones sociales significativas entre las personas, m\u00e1s all\u00e1 de las distancias y de la tecnolog\u00eda, con la meta de llegar a m\u00e1s de 26.000 personas y la utilizaci\u00f3n de 20.000 dispositivos de voz.<\/p>\n","protected":false},"excerpt":{"rendered":"<p>La soledad no deseada es uno de los grandes retos a los que se enfrenta la sociedad actual. Se trata de una soledad que \u201cduele\u201d, y est\u00e1 provocada por la falta de relaci\u00f3n con otras personas, y la falta de vinculaci\u00f3n con el entorno comunitario. Este tipo de soledad no elegida puede llegar en cualquier [&hellip;]<\/p>\n","protected":false},"author":2,"featured_media":25425,"comment_status":"closed","ping_status":"open","sticky":false,"template":"","format":"standard","meta":[],"categories":[93,146,2],"tags":[10480],"wppr_data":{"cwp_meta_box_check":"No"},"_links":{"self":[{"href":"https:\/\/www.notaoficial.com\/s\/wp-json\/wp\/v2\/posts\/25422"}],"collection":[{"href":"https:\/\/www.notaoficial.com\/s\/wp-json\/wp\/v2\/posts"}],"about":[{"href":"https:\/\/www.notaoficial.com\/s\/wp-json\/wp\/v2\/types\/post"}],"author":[{"embeddable":true,"href":"https:\/\/www.notaoficial.com\/s\/wp-json\/wp\/v2\/users\/2"}],"replies":[{"embeddable":true,"href":"https:\/\/www.notaoficial.com\/s\/wp-json\/wp\/v2\/comments?post=25422"}],"version-history":[{"count":1,"href":"https:\/\/www.notaoficial.com\/s\/wp-json\/wp\/v2\/posts\/25422\/revisions"}],"predecessor-version":[{"id":25426,"href":"https:\/\/www.notaoficial.com\/s\/wp-json\/wp\/v2\/posts\/25422\/revisions\/25426"}],"wp:featuredmedia":[{"embeddable":true,"href":"https:\/\/www.notaoficial.com\/s\/wp-json\/wp\/v2\/media\/25425"}],"wp:attachment":[{"href":"https:\/\/www.notaoficial.com\/s\/wp-json\/wp\/v2\/media?parent=25422"}],"wp:term":[{"taxonomy":"category","embeddable":true,"href":"https:\/\/www.notaoficial.com\/s\/wp-json\/wp\/v2\/categories?post=25422"},{"taxonomy":"post_tag","embeddable":true,"href":"https:\/\/www.notaoficial.com\/s\/wp-json\/wp\/v2\/tags?post=25422"}],"curies":[{"name":"wp","href":"https:\/\/api.w.org\/{rel}","templated":true}]}}