{"id":25431,"date":"2025-05-28T07:25:31","date_gmt":"2025-05-28T11:25:31","guid":{"rendered":"https:\/\/www.notaoficial.com\/s\/?p=25431"},"modified":"2025-05-29T07:27:21","modified_gmt":"2025-05-29T11:27:21","slug":"hyundai-participara-en-el-salon-del-vehiculo-de-ocasion-y-seminuevos-de-madrid","status":"publish","type":"post","link":"https:\/\/www.notaoficial.com\/s\/2025\/05\/28\/hyundai-participara-en-el-salon-del-vehiculo-de-ocasion-y-seminuevos-de-madrid\/","title":{"rendered":"Hyundai participar\u00e1 en el Sal\u00f3n del Veh\u00edculo de Ocasi\u00f3n y Seminuevos de Madrid"},"content":{"rendered":"<div class=\"text aem-GridColumn aem-GridColumn--default--12\">\n<div class=\"compText lo-component\">\n<div class=\"lo-container lo-container--narrow cnt-richText typo-body text-grey900\" data-swiftype-index=\"true\">\n<p>Hyundai Motor Espa\u00f1a participar\u00e1 en el\u00a0<b>Sal\u00f3n del Veh\u00edculo de Ocasi\u00f3n y Seminuevos 2025 de Madrid organizado por IFEMA.<\/b><\/p>\n<p>La edici\u00f3n de este a\u00f1o arranca el pr\u00f3ximo d\u00eda\u00a0<b>3 y finaliza el 8 de junio<\/b>, en el\u00a0<b>pabell\u00f3n 3 de IFEMA<\/b>, Este Sal\u00f3n ofrece el mayor stock de veh\u00edculos de ocasi\u00f3n con\u00a0<b>etiqueta cero y eco de Hyundai.<\/b>\u00a0Poniendo a disposici\u00f3n de los clientes grandes ofertas en\u00a0<b>Diesel, gasolina, H\u00edbrido, H\u00edbrido Enchufable y 100% El\u00e9ctricos\u00a0<\/b>bajo\u00a0<a href=\"https:\/\/www.hyundai.com\/es\/es\/seminuevos\/vehiculos-seminuevos\/hyundaipromise.html\" target=\"_blank\" rel=\"noopener\"><b>Hyundai Promise<\/b><\/a><b>, el Programa de veh\u00edculos usados certificados de Hyundai.<\/b><\/p>\n<p>Hyundai ofrecer\u00e1 ofertas especiales en m\u00e1s de\u00a0<b>450 coches<\/b>\u00a0donde el 90% de las unidades ser\u00e1n unidades con menos de 3 a\u00f1os desde fecha de matriculaci\u00f3n y m\u00e1s del 60% ser\u00e1n coches con etiqueta ECO y \u201c0\u201d emisiones, destacando modelos el\u00e9ctricos como el Ioniq 5 o el reciente INSTER, entre otros modelos 100% el\u00e9ctricos.<\/p>\n<\/div>\n<\/div>\n<\/div>\n<div class=\"single-image aem-GridColumn aem-GridColumn--default--12\">\n<div class=\"compSingleImage lo-component \">\n<div class=\"compSingleImage__inner lo-container\">\n<div class=\"compSingleImage__imageContainer \"><picture class=\"compSingleImage__image\"><source srcset=\"https:\/\/s7g10.scene7.com\/is\/image\/hyundaiautoever\/hyundai-used-car-scheme-promise-logo-1610:Single%20Image%20Desktop?wid=885&amp;hei=498 1x, https:\/\/s7g10.scene7.com\/is\/image\/hyundaiautoever\/hyundai-used-car-scheme-promise-logo-1610:Single%20Image%20Desktop?wid=1770&amp;hei=996 2x\" media=\"(min-width: 768px)\" \/><img decoding=\"async\" loading=\"lazy\" src=\"https:\/\/s7g10.scene7.com\/is\/image\/hyundaiautoever\/hyundai-used-car-scheme-promise-logo-1610:Single%20Image%20Mobile?wid=706&amp;hei=398\" srcset=\"https:\/\/s7g10.scene7.com\/is\/image\/hyundaiautoever\/hyundai-used-car-scheme-promise-logo-1610:Single%20Image%20Mobile?wid=706&amp;hei=398 1x, https:\/\/s7g10.scene7.com\/is\/image\/hyundaiautoever\/hyundai-used-car-scheme-promise-logo-1610:Single%20Image%20Mobile?wid=1412&amp;hei=796 2x\" width=\"885\" height=\"498\" \/> <\/picture><\/div>\n<\/div>\n<\/div>\n<\/div>\n<div class=\"text aem-GridColumn aem-GridColumn--default--12\">\n<div class=\"compText lo-component\">\n<div class=\"lo-container lo-container--narrow cnt-richText typo-body text-grey900\" data-swiftype-index=\"true\">\n<p>El Programa\u00a0<a href=\"https:\/\/www.hyundai.com\/es\/es\/seminuevos\/vehiculos-seminuevos\/hyundaipromise.html\" target=\"_blank\" rel=\"noopener\"><b>Hyundai Promise<\/b><\/a>\u00a0ofrece la garant\u00eda l\u00edder de Hyundai, con hasta 5 a\u00f1os\u00a0 desde el momento de la compra y sin l\u00edmite de kms y hasta 5 a\u00f1os de asistencia en carretera desde el momento de la compra.<\/p>\n<p>Centrado por completo en el cliente y dise\u00f1ado para ofrecer a los clientes la mayor tranquilidad, comodidad, transparencia y confianza.<\/p>\n<p>El programa de VO de Hyundai Promise se basa en las siguientes promesas para satisfacer plenamente a sus clientes:<\/p>\n<ul>\n<li>Hasta 5 a\u00f1os de extensi\u00f3n de garant\u00eda con asistencia en carretera 24\/7<\/li>\n<li>Soporte espec\u00edfico y asesoramiento para tecnolog\u00edas ECO<\/li>\n<li>Prueba del veh\u00edculo sin compromiso<\/li>\n<li>Soluciones flexibles de financiaci\u00f3n<\/li>\n<li>Valoraci\u00f3n de coche a cambio gratuita y garantizada<\/li>\n<li>Certificado de mantenimiento y kilometraje con 100 puntos de control<\/li>\n<li>Entrega en un plazo m\u00e1ximo de 7 d\u00edas<\/li>\n<li>Compromiso de cambio (30 d\u00edas o 1.000kms)<\/li>\n<\/ul>\n<\/div>\n<\/div>\n<\/div>\n<div class=\"single-image aem-GridColumn aem-GridColumn--default--12\">\n<div class=\"compSingleImage lo-component \">\n<div class=\"compSingleImage__inner lo-container\">\n<div class=\"compSingleImage__imageContainer \"><picture class=\"compSingleImage__image\"><source srcset=\"https:\/\/dmassets.hyundai.com\/is\/image\/hyundaiautoever\/hyundai-tucson-0324-kv:Single%20Image%20Desktop?wid=885&amp;hei=498 1x, https:\/\/dmassets.hyundai.com\/is\/image\/hyundaiautoever\/hyundai-tucson-0324-kv:Single%20Image%20Desktop?wid=1770&amp;hei=996 2x\" media=\"(min-width: 768px)\" \/><img decoding=\"async\" loading=\"lazy\" src=\"https:\/\/dmassets.hyundai.com\/is\/image\/hyundaiautoever\/hyundai-tucson-0324-kv:Single%20Image%20Mobile?wid=706&amp;hei=398\" srcset=\"https:\/\/dmassets.hyundai.com\/is\/image\/hyundaiautoever\/hyundai-tucson-0324-kv:Single%20Image%20Mobile?wid=706&amp;hei=398 1x, https:\/\/dmassets.hyundai.com\/is\/image\/hyundaiautoever\/hyundai-tucson-0324-kv:Single%20Image%20Mobile?wid=1412&amp;hei=796 2x\" width=\"885\" height=\"498\" \/> <\/picture>\n<div class=\"compSingleImage__downloadWidget ui-downloadWidgetContainer\" data-id=\"https:\/\/www.hyundai.news:443\/newsroom\/dam\/eu\/models\/20240327_tucson_facelift\/hyundai-tucson-0324-kv.jpg\" data-type=\"image\" data-image-w260=\"https:\/\/dmassets.hyundai.com\/is\/image\/hyundaiautoever\/hyundai-tucson-0324-kv?wid=260&amp;hei=173&amp;fit=crop,1\" data-image-w663=\"https:\/\/dmassets.hyundai.com\/is\/image\/hyundaiautoever\/hyundai-tucson-0324-kv?wid=663&amp;hei=441&amp;fit=crop,1\" data-image-w884=\"https:\/\/dmassets.hyundai.com\/is\/image\/hyundaiautoever\/hyundai-tucson-0324-kv?wid=884&amp;hei=497&amp;fit=crop,1\" data-image-print=\"https:\/\/www.hyundai.news:443\/newsroom\/dam\/eu\/models\/20240327_tucson_facelift\/hyundai-tucson-0324-kv.jpg?bfc=off\" data-image-printsize=\"2581293\" data-image-printsize-formatted=\"2,5 MB\" data-image-web=\"https:\/\/dmassets.hyundai.com\/is\/image\/hyundaiautoever\/hyundai-tucson-0324-kv?wid=1024&amp;bfc=off\" data-image-websize=\"121091\" data-image-websize-formatted=\"118 KB\">\n<div class=\"ui-downloadWidget\">Un total de <b>8 concesionarios de la red de Hyundai<\/b>\u00a0participar\u00e1n en este evento.<\/div>\n<\/div>\n<\/div>\n<\/div>\n<\/div>\n<\/div>\n<div class=\"text aem-GridColumn aem-GridColumn--default--12\">\n<div class=\"compText lo-component\">\n<div class=\"lo-container lo-container--narrow cnt-richText typo-body text-grey900\" data-swiftype-index=\"true\">\n<p>En concreto los concesionarios son:<\/p>\n<p>Dentro de la completa gama de vehiculos de ocasi\u00f3n que ofrecer\u00e1 Hyundai cabe destacar:<\/p>\n<ul>\n<li>Hyundai\u00a0<a href=\"https:\/\/www.seminuevos.hyundai.es\/es\/seminuevos\/hyundai\/tucson?manufacturer=22&amp;mcategory=all&amp;model=2262%7C%7C488&amp;zip=&amp;radius=50\" target=\"_blank\" rel=\"noopener\">TUCSON<\/a>\u00a0el N\u00ba1 en ventas con hasta 2500\u20ac de descuento en el Sal\u00f3n de VO de Madrid por financiar con Hyundai Finance.<\/li>\n<li>Gama I20 y BAYON contar\u00e1n con descuentos de 1.800 \u20ac por financiar con Hyundai Finance.<\/li>\n<li>Modelos etiqueta \u201c0\u201d con modelos 100% el\u00e9ctricos, IONIQ 5, IONIQ 6, INSTER, KONA EV (algunas unidades objeto de acogerse al Moves III, m\u00e1s informaci\u00f3n en el Sal\u00f3n VO)<\/li>\n<li>Gama H\u00edbrida Enchufable, con nuestros modelos TUCSON, SANTA FE.<\/li>\n<li>Gama Hibrida: TUSON HEV, KONA HEV, IONIQ HEV, SANTA FE HEV.<\/li>\n<li>Completamos con excelentes ofertas en toda la gama Hyundai, i10\u00a0<a href=\"https:\/\/www.seminuevos.hyundai.es\/es\/seminuevos\/hyundai\/i20?manufacturer=22&amp;mcategory=all&amp;model=1446%7C%7C2187%7C%7C2175%7C%7C3483%7C%7C2264&amp;zip=28035&amp;radius=50\" target=\"_blank\" rel=\"noopener\">i20<\/a>,\u00a0<a href=\"https:\/\/www.seminuevos.hyundai.es\/es\/hyundai\/i30\" target=\"_blank\" rel=\"noopener\">i30<\/a>, KONA, TUCSON, muchos de ellos con Micro-hibridaci\u00f3n 48V y etiqueta ECO.<\/li>\n<li>Toda nuestra amplia gama ECO y \u201c0\u201d, preparada para cumplir con las ZBE (Zonas de bajas emisiones).<\/li>\n<li>Sin olvidar modelos con personalidad propia como la nueva STARIA, con 9 plazas, monovolumen que no deja indiferente a nadie.<\/li>\n<\/ul>\n<p>El<b>\u00a0horario de atenci\u00f3n\u00a0<\/b>al p\u00fablico ser\u00e1:<\/p>\n<ul>\n<li>3\/06\/2023 al 5\/06\/2023 \u2013 de 15:00 a 20:00 horas.<\/li>\n<li>6\/06\/2023 al 7\/06\/2023 \u2013 de 11:00 a 21:00 horas.<\/li>\n<li>8\/06\/2023 de 11:00 a 16:00 horas.<\/li>\n<\/ul>\n<p>Os esperamos en el Sal\u00f3n de VO de Madrid del 3 al 8 de junio, vis\u00edtanos para conocer nuestra amplia gama.<\/p>\n<\/div>\n<\/div>\n<\/div>\n","protected":false},"excerpt":{"rendered":"<p>Hyundai Motor Espa\u00f1a participar\u00e1 en el\u00a0Sal\u00f3n del Veh\u00edculo de Ocasi\u00f3n y Seminuevos 2025 de Madrid organizado por IFEMA. La edici\u00f3n de este a\u00f1o arranca el pr\u00f3ximo d\u00eda\u00a03 y finaliza el 8 de junio, en el\u00a0pabell\u00f3n 3 de IFEMA, Este Sal\u00f3n ofrece el mayor stock de veh\u00edculos de ocasi\u00f3n con\u00a0etiqueta cero y eco de Hyundai.\u00a0Poniendo a [&hellip;]<\/p>\n","protected":false},"author":2,"featured_media":25434,"comment_status":"closed","ping_status":"open","sticky":false,"template":"","format":"standard","meta":[],"categories":[93,146,2],"tags":[9782,10472,10632,10529,15],"wppr_data":{"cwp_meta_box_check":"No"},"_links":{"self":[{"href":"https:\/\/www.notaoficial.com\/s\/wp-json\/wp\/v2\/posts\/25431"}],"collection":[{"href":"https:\/\/www.notaoficial.com\/s\/wp-json\/wp\/v2\/posts"}],"about":[{"href":"https:\/\/www.notaoficial.com\/s\/wp-json\/wp\/v2\/types\/post"}],"author":[{"embeddable":true,"href":"https:\/\/www.notaoficial.com\/s\/wp-json\/wp\/v2\/users\/2"}],"replies":[{"embeddable":true,"href":"https:\/\/www.notaoficial.com\/s\/wp-json\/wp\/v2\/comments?post=25431"}],"version-history":[{"count":1,"href":"https:\/\/www.notaoficial.com\/s\/wp-json\/wp\/v2\/posts\/25431\/revisions"}],"predecessor-version":[{"id":25435,"href":"https:\/\/www.notaoficial.com\/s\/wp-json\/wp\/v2\/posts\/25431\/revisions\/25435"}],"wp:featuredmedia":[{"embeddable":true,"href":"https:\/\/www.notaoficial.com\/s\/wp-json\/wp\/v2\/media\/25434"}],"wp:attachment":[{"href":"https:\/\/www.notaoficial.com\/s\/wp-json\/wp\/v2\/media?parent=25431"}],"wp:term":[{"taxonomy":"category","embeddable":true,"href":"https:\/\/www.notaoficial.com\/s\/wp-json\/wp\/v2\/categories?post=25431"},{"taxonomy":"post_tag","embeddable":true,"href":"https:\/\/www.notaoficial.com\/s\/wp-json\/wp\/v2\/tags?post=25431"}],"curies":[{"name":"wp","href":"https:\/\/api.w.org\/{rel}","templated":true}]}}