{"id":25433,"date":"2025-05-28T07:25:32","date_gmt":"2025-05-28T11:25:32","guid":{"rendered":"https:\/\/www.notaoficial.com\/s\/?p=25433"},"modified":"2025-05-29T07:32:03","modified_gmt":"2025-05-29T11:32:03","slug":"claro-invierte-usd53-millones-en-su-servicio-en-el-caribe-y-atlantico","status":"publish","type":"post","link":"https:\/\/www.notaoficial.com\/s\/2025\/05\/28\/claro-invierte-usd53-millones-en-su-servicio-en-el-caribe-y-atlantico\/","title":{"rendered":"Claro invierte USD$53 millones en su servicio en el Caribe y Atl\u00e1ntico"},"content":{"rendered":"<p>Por Eduardo Travieso Itriago<\/p>\n<p>Durante el Claro Tech Summit Barranquilla, que re\u00fane a l\u00edderes empresariales y compa\u00f1\u00edas del Caribe, Claro Colombia anunci\u00f3 que entre 2024 y 2025 est\u00e1 invirtiendo cerca de USD$53 millones en La Guajira, Magdalena, Cesar, Atl\u00e1ntico, Bol\u00edvar, Sucre, C\u00f3rdoba y San Andr\u00e9s, para modernizar y ampliar su <a href=\"https:\/\/www.claro.com.co\/personas\/servicios\/servicios-hogar\/\" target=\"_blank\" rel=\"noopener noreferer\">red fija<\/a> y <a href=\"https:\/\/www.claro.com.co\/personas\/servicios\/servicios-moviles\/\" target=\"_blank\" rel=\"noopener noreferer\">m\u00f3vil<\/a>.<\/p>\n<p>De acuerdo con Rodrigo de Gusmao, presidente de Claro Colombia, \u201cen el Caribe y Atl\u00e1ntico estamos trabajando con aproximadamente 24.000 empresas, desde pymes hasta grandes grupos industriales, con soluciones de conectividad, ciberseguridad, inteligencia artificial y nube. Estas inversiones destinadas al mejoramiento y expansi\u00f3n de nuestras redes fijas y m\u00f3viles son una muestra de nuestro compromiso con los empresarios de la regi\u00f3n, para que sigan acelerando su productividad, con infraestructura de clase mundial y con los m\u00e1s altos est\u00e1ndares de seguridad, conectividad y disponibilidad de servicios\u201d.<\/p>\n<p>Gracias a estas inversiones, Claro ha habilitado cerca de 1.550.000 accesos de fibra \u00f3ptica en municipios de la regi\u00f3n Caribe, incluyendo Ci\u00e9naga, Sabanalarga, Sahag\u00fan y Magangu\u00e9. En Barranquilla y su \u00e1rea metropolitana, la cobertura de fibra ha crecido un 157%, con cerca de 530.000 conexiones disponibles para hogares, empresas y negocios. En San Andr\u00e9s, desde la llegada del cable submarino de Claro, la isla registra una de las cinco velocidades de descarga promedio m\u00e1s altas del pa\u00eds, con casi 250 Mbps, seg\u00fan el informe m\u00e1s reciente del MinTIC.<\/p>\n<p>\u201cEl Caribe es clave para Claro: aqu\u00ed, en Puerto Colombia, Cartagena y San Andr\u00e9s, aterriza nuestro cable submarino AMX-1, que conecta a Colombia con el mundo a trav\u00e9s de fibra \u00f3ptica\u201d, destac\u00f3 De Gusmao.<\/p>\n<p>En redes m\u00f3viles, 197 cabeceras municipales de la regi\u00f3n ya cuentan con cobertura 4G, y el 5G est\u00e1 disponible en Riohacha, Santa Marta, Valledupar, Cartagena, Sincelejo, C\u00f3rdoba, Barranquilla, Puerto Colombia y Uribia. Adem\u00e1s, en los \u00faltimos cuatro a\u00f1os, se han conectado 231 localidades rurales a Internet m\u00f3vil y se proyectan otras 117 en los pr\u00f3ximos dos a\u00f1os.<\/p>\n<p>Solo en 2024, se modernizaron 235 estaciones base 4G, y en 2025 se intervendr\u00e1n otras 299, mejorando la experiencia del cliente, optimizando la infraestructura y reduciendo el impacto ambiental. Entre las modernizadas se destacan las del Aeropuerto Ernesto Cortissoz, el Estadio Metropolitano, el Romelio Mart\u00ednez y las principales v\u00edas del Carnaval de Barranquilla.<\/p>\n<p><strong>Claro, el aliado para servicios multicloud<\/strong><br \/>\nDurante el evento, tambi\u00e9n se present\u00f3 CloudWise by Claro Empresas, una nueva propuesta para que las compa\u00f1\u00edas de la costa adopten soluciones en la nube con mayor eficiencia, desde automatizaciones hasta la migraci\u00f3n de servidores a la nube, inclusive la creaci\u00f3n de modelos de IA o la mejora en ciberseguridad. Todo se realiza junto con Oracle Cloud Infrastructure -OCI-, Microsoft, Google y AWS, con soporte especializado soporte 7\/24 en espa\u00f1ol y personal especializado para cada nube.<\/p>\n<p>\u201cQueremos que los empresarios del caribe sepan que pueden contar con Claro como su mejor aliado tecnol\u00f3gico. Tenemos la cobertura, servicios multinube, los mejores Datacenter y soluciones verticales para impulsar la digitalizaci\u00f3n de las empresas y PYMES en esta importante regi\u00f3n en el pa\u00eds\u201d, finaliz\u00f3 el presidente de Claro Colombia.<\/p>\n<p>Por Eduardo Travieso Itriago<\/p>\n","protected":false},"excerpt":{"rendered":"<p>Por Eduardo Travieso Itriago Durante el Claro Tech Summit Barranquilla, que re\u00fane a l\u00edderes empresariales y compa\u00f1\u00edas del Caribe, Claro Colombia anunci\u00f3 que entre 2024 y 2025 est\u00e1 invirtiendo cerca de USD$53 millones en La Guajira, Magdalena, Cesar, Atl\u00e1ntico, Bol\u00edvar, Sucre, C\u00f3rdoba y San Andr\u00e9s, para modernizar y ampliar su red fija y m\u00f3vil. De [&hellip;]<\/p>\n","protected":false},"author":2,"featured_media":25438,"comment_status":"closed","ping_status":"open","sticky":false,"template":"","format":"standard","meta":[],"categories":[93,146,2],"tags":[10571,28,10603],"wppr_data":{"cwp_meta_box_check":"No"},"_links":{"self":[{"href":"https:\/\/www.notaoficial.com\/s\/wp-json\/wp\/v2\/posts\/25433"}],"collection":[{"href":"https:\/\/www.notaoficial.com\/s\/wp-json\/wp\/v2\/posts"}],"about":[{"href":"https:\/\/www.notaoficial.com\/s\/wp-json\/wp\/v2\/types\/post"}],"author":[{"embeddable":true,"href":"https:\/\/www.notaoficial.com\/s\/wp-json\/wp\/v2\/users\/2"}],"replies":[{"embeddable":true,"href":"https:\/\/www.notaoficial.com\/s\/wp-json\/wp\/v2\/comments?post=25433"}],"version-history":[{"count":1,"href":"https:\/\/www.notaoficial.com\/s\/wp-json\/wp\/v2\/posts\/25433\/revisions"}],"predecessor-version":[{"id":25439,"href":"https:\/\/www.notaoficial.com\/s\/wp-json\/wp\/v2\/posts\/25433\/revisions\/25439"}],"wp:featuredmedia":[{"embeddable":true,"href":"https:\/\/www.notaoficial.com\/s\/wp-json\/wp\/v2\/media\/25438"}],"wp:attachment":[{"href":"https:\/\/www.notaoficial.com\/s\/wp-json\/wp\/v2\/media?parent=25433"}],"wp:term":[{"taxonomy":"category","embeddable":true,"href":"https:\/\/www.notaoficial.com\/s\/wp-json\/wp\/v2\/categories?post=25433"},{"taxonomy":"post_tag","embeddable":true,"href":"https:\/\/www.notaoficial.com\/s\/wp-json\/wp\/v2\/tags?post=25433"}],"curies":[{"name":"wp","href":"https:\/\/api.w.org\/{rel}","templated":true}]}}