{"id":25461,"date":"2025-05-31T20:34:40","date_gmt":"2025-06-01T00:34:40","guid":{"rendered":"https:\/\/www.notaoficial.com\/s\/?p=25461"},"modified":"2025-05-31T20:34:40","modified_gmt":"2025-06-01T00:34:40","slug":"palola-llega-a-caracas-con-una-maleta-musical","status":"publish","type":"post","link":"https:\/\/www.notaoficial.com\/s\/2025\/05\/31\/palola-llega-a-caracas-con-una-maleta-musical\/","title":{"rendered":"Palola llega a Caracas con una maleta musical"},"content":{"rendered":"<div>Cargada de buenas noticias, la talentosa cantante y compositora venezolana\u00a0<strong>PALOLA\u00a0<\/strong>llega a Venezuela para\u00a0tener una participaci\u00f3n especial en la adaptaci\u00f3n de \u00abEl pez que fuma\u00bb, cl\u00e1sico del cine venezolano en el que \u2013adem\u00e1s de debutar como actriz-\u00a0 interpretar\u00e1 una canci\u00f3n de su autor\u00eda: \u201cDesire\u201d.<\/p>\n<p>Esta joven artista, quien este mes de mayo debut\u00f3 en el top 20 de las canciones pop, en la cartelera radial de Venezuela y que est\u00e1 el primer lugar , de las cartelera de streaming y Spotify, con su sencillo\u00a0<em>L\u00e1stima 2.0<\/em>, quiso aprovechar su primera visita al pa\u00eds como cantante, para realizar una gira promocional de medios y presentar un showcase donde, acompa\u00f1ada de los maestros Juan Angel Esquivel, Aquiles Hern\u00e1ndez y Nen\u00e9\u00a0\u00a0Quintero, desplegar\u00e1 el sonido juvenil y aut\u00e9ntico que caracteriza su propuesta.<\/p>\n<p>Y es que desde su arribo a la escena musical en 2024,\u00a0esta joven compositora ha conquistado a p\u00fablico y a cr\u00edticos con su estilo pop indie. Su primer sencillo,\u00a0<em>Desde Cero,\u00a0<\/em>estrenado\u00a0en octubre pasado, ha recibido dos importantes galardones, entre los que destacan: el Trofeo de Oro del Festival de\u00a0la\u00a0Canci\u00f3n de Las Vegas 2024, en noviembre\u00a0y, este mes de enero, el Disco de Oro del Festival de la Canci\u00f3n Latinoamericana de California, reconocimientos que llegan en un momento clave de su carrera, reafirmando su proyecci\u00f3n como una de las voces emergentes m\u00e1s prometedoras de su generaci\u00f3n.<\/p>\n<p><em>Mar de tus ojos\u00a0<\/em>y<em>\u00a0L\u00e1stima 2.0<strong>,\u00a0<\/strong><\/em>lanzados este a\u00f1o,<em><strong>\u00a0<\/strong><\/em>reflejan su estilo como cantautora, siempre conectada a las emociones y sentimientos m\u00e1s genuinos, profundos y humanos. El primer tema, fue presentado en el Telet\u00f3n 20-30 de Panam\u00e1, en diciembre de 2024 y ,el segundo, fue estrenado\u00a0en versi\u00f3n orquestal con la Filarm\u00f3nica de ese pa\u00eds, el pasado 14 de mayo\u00a0durante el espect\u00e1culo <em>Bolereando<\/em>, en el que comparti\u00f3 escena con otros grandes vocalistas.<\/p>\n<p>La cantante tambi\u00e9n anunci\u00f3 el lanzamiento internacional de su tercer single de este a\u00f1o:\u00a0\u00a0<em>Lo mismo de siempre<\/em>, disponible en las principales plataformas de m\u00fasica desde el 27 de mayo. Estos son algunos\u00a0de los proyectos que este 2025 proyectar\u00e1n la fresca y honesta propuesta musical de\u00a0<strong>PALOLA<\/strong>.<\/p>\n<p>\u201cRegresar a mi pa\u00eds, conectar con los m\u00edos y mostrar mi m\u00fasica es algo que me emociona mucho. Deseo que esta sea\u00a0 la primera de muchas visitas a Venezuela como artista. Actuar en esta pel\u00edcula e interpretar una de los temas de su banda sonora son retos que reafirman mi compromiso con el arte. Hay muchos proyectos interesantes e ideas hermosas en camino y, estoy segura, de que lo mejor est\u00e1 por delante. Seguir\u00e9 escribiendo \u00a0y grabando canciones que muestren a mis fans qui\u00e9n soy&#8230; \u00a1Estoy emocionada con todo lo que vendr\u00e1!\u201d, asegura.<\/p><\/div>\n<div>\nPara estar al tanto de todo lo nuevo de estos artistas, pueden seguirlos en la p\u00e1gina <strong><a href=\"http:\/\/palolamusic.com\" target=\"_blank\" rel=\"noopener\" data-saferedirecturl=\"https:\/\/www.google.com\/url?q=http:\/\/palolamusic.com&amp;source=gmail&amp;ust=1748824279278000&amp;usg=AOvVaw3Wglnyh0udsypgccIs9Lmv\">palolamusic.com<\/a><\/strong> y en las redes sociales como\u00a0<strong>@palola_music<\/strong><\/div>\n","protected":false},"excerpt":{"rendered":"<p>Cargada de buenas noticias, la talentosa cantante y compositora venezolana\u00a0PALOLA\u00a0llega a Venezuela para\u00a0tener una participaci\u00f3n especial en la adaptaci\u00f3n de \u00abEl pez que fuma\u00bb, cl\u00e1sico del cine venezolano en el que \u2013adem\u00e1s de debutar como actriz-\u00a0 interpretar\u00e1 una canci\u00f3n de su autor\u00eda: \u201cDesire\u201d. Esta joven artista, quien este mes de mayo debut\u00f3 en el top [&hellip;]<\/p>\n","protected":false},"author":2,"featured_media":25465,"comment_status":"closed","ping_status":"open","sticky":false,"template":"","format":"standard","meta":[],"categories":[93,146,2],"tags":[381,10529,15],"wppr_data":{"cwp_meta_box_check":"No"},"_links":{"self":[{"href":"https:\/\/www.notaoficial.com\/s\/wp-json\/wp\/v2\/posts\/25461"}],"collection":[{"href":"https:\/\/www.notaoficial.com\/s\/wp-json\/wp\/v2\/posts"}],"about":[{"href":"https:\/\/www.notaoficial.com\/s\/wp-json\/wp\/v2\/types\/post"}],"author":[{"embeddable":true,"href":"https:\/\/www.notaoficial.com\/s\/wp-json\/wp\/v2\/users\/2"}],"replies":[{"embeddable":true,"href":"https:\/\/www.notaoficial.com\/s\/wp-json\/wp\/v2\/comments?post=25461"}],"version-history":[{"count":1,"href":"https:\/\/www.notaoficial.com\/s\/wp-json\/wp\/v2\/posts\/25461\/revisions"}],"predecessor-version":[{"id":25466,"href":"https:\/\/www.notaoficial.com\/s\/wp-json\/wp\/v2\/posts\/25461\/revisions\/25466"}],"wp:featuredmedia":[{"embeddable":true,"href":"https:\/\/www.notaoficial.com\/s\/wp-json\/wp\/v2\/media\/25465"}],"wp:attachment":[{"href":"https:\/\/www.notaoficial.com\/s\/wp-json\/wp\/v2\/media?parent=25461"}],"wp:term":[{"taxonomy":"category","embeddable":true,"href":"https:\/\/www.notaoficial.com\/s\/wp-json\/wp\/v2\/categories?post=25461"},{"taxonomy":"post_tag","embeddable":true,"href":"https:\/\/www.notaoficial.com\/s\/wp-json\/wp\/v2\/tags?post=25461"}],"curies":[{"name":"wp","href":"https:\/\/api.w.org\/{rel}","templated":true}]}}