{"id":25462,"date":"2025-05-31T20:38:49","date_gmt":"2025-06-01T00:38:49","guid":{"rendered":"https:\/\/www.notaoficial.com\/s\/?p=25462"},"modified":"2025-05-31T20:38:49","modified_gmt":"2025-06-01T00:38:49","slug":"hyundai-motor-group-muestra-su-liderazgo-mundial-en-hidrogeno-en-la-cumbre-mundial-del-hidrogeno-2025","status":"publish","type":"post","link":"https:\/\/www.notaoficial.com\/s\/2025\/05\/31\/hyundai-motor-group-muestra-su-liderazgo-mundial-en-hidrogeno-en-la-cumbre-mundial-del-hidrogeno-2025\/","title":{"rendered":"Hyundai Motor Group muestra su liderazgo mundial en hidr\u00f3geno en la Cumbre Mundial del Hidr\u00f3geno 2025"},"content":{"rendered":"<div class=\"text aem-GridColumn aem-GridColumn--default--12\">\n<div class=\"compText lo-component\">\n<div class=\"lo-container lo-container--narrow cnt-richText typo-body text-grey900\" data-swiftype-index=\"true\">\n<p>Por Eduardo Travieso Itriago<\/p>\n<p>Hyundai Motor Group (el Grupo) esta\u0301 mostrando su posicio\u0301n como li\u0301der mundial en hidro\u0301geno en la Cumbre Mundial del Hidro\u0301geno 2025 (la Cumbre) en Rotterdam, Pai\u0301ses Bajos, del 20 al 22 de mayo. El Grupo participa tanto en la exposicio\u0301n como en la mesa redonda de alto nivel para compartir sus u\u0301ltimas iniciativas en materia de hidro\u0301geno e impulsar el dia\u0301logo en el sector.<\/p>\n<p>En el pabello\u0301n coreano de la Cumbre -organizado en colaboracio\u0301n con H2KOREA, una importante coalicio\u0301n de agentes del sector del hidro\u0301geno-, el Grupo pone de relieve el avance mundial de la tecnologi\u0301a del hidro\u0301geno. El pabello\u0301n tambie\u0301n cuenta con contribuciones de KOTRA y Doosan Fuel Cell. El Grupo esta\u0301 destacando su negocio de la cadena de valor del hidro\u0301geno bajo su marca HTWO dedicada al hidro\u0301geno, con un enfoque en la descarbonizacio\u0301n portuaria que se alinea con los objetivos de sostenibilidad del Puerto de Rotterdam.<\/p>\n<p>Demostrando su liderazgo tecnolo\u0301gico en la energi\u0301a del hidro\u0301geno, el Grupo presenta tambie\u0301n sus tecnologi\u0301as de pilas de combustible utilizadas en camiones, autobuses, carretillas elevadoras y tranvi\u0301as. La pieza central de la exposicio\u0301n es un diorama de una sociedad impulsada por hidro\u0301geno, que incluye un generador y un tranvi\u0301a impulsados por hidro\u0301geno, lo que subraya el potencial transformador de la energi\u0301a del hidro\u0301geno y ofrece una visio\u0301n del ecosistema de colaboracio\u0301n que se esta\u0301 construyendo a trave\u0301s de su marca dedicada al hidro\u0301geno, HTWO.<\/p>\n<\/div>\n<\/div>\n<\/div>\n<div class=\"quote aem-GridColumn aem-GridColumn--default--12\">\n<div class=\"compQuote lo-component \">\n<div class=\"lo-container lo-container--narrow\" data-swiftype-index=\"true\">\n<blockquote class=\"compQuote__text\"><p>Hyundai Motor Group est\u00e1 comprometido con su visi\u00f3n a largo plazo de desarrollar y ampliar la cadena de valor del hidr\u00f3geno e impulsar la transici\u00f3n hacia un futuro sin emisiones de carbono. La construcci\u00f3n de un ecosistema del hidr\u00f3geno requiere asociaciones s\u00f3lidas entre los gobiernos y la industria. Trabajaremos con socios de todo el mundo y aprovecharemos todas nuestras capacidades en toda la cadena de valor del hidr\u00f3geno para acelerar la adopci\u00f3n de una sociedad impulsada por este combustible. A medida que la industria alcanza un punto de inflexi\u00f3n en su transici\u00f3n hacia una sociedad del hidr\u00f3geno, es esencial ampliar la cadena de valor del hidr\u00f3geno. Tenemos que impulsar esta expansi\u00f3n mediante la normalizaci\u00f3n para fortalecer todo el sector del hidr\u00f3geno.<\/p><\/blockquote>\n<p class=\"compQuote__author\"><span class=\"compQuote__authorName typo-body\">Jaehoon Chang<\/span> <span class=\"compQuote__authorMeta text-grey600\">Vicepresidente de Hyundai Motor Group<\/span><\/p>\n<\/div>\n<\/div>\n<\/div>\n<div class=\"single-image aem-GridColumn aem-GridColumn--default--12\">\n<div class=\"compSingleImage lo-component \">\n<div class=\"compSingleImage__inner lo-container\">\n<div class=\"compSingleImage__imageContainer \"><picture class=\"compSingleImage__image\"><source srcset=\"https:\/\/dmassets.hyundai.com\/is\/image\/hyundaiautoever\/hyundai-world-hydrogen-summit-2025-02:Single%20Image%20Desktop?wid=885&amp;hei=498 1x, https:\/\/dmassets.hyundai.com\/is\/image\/hyundaiautoever\/hyundai-world-hydrogen-summit-2025-02:Single%20Image%20Desktop?wid=1770&amp;hei=996 2x\" media=\"(min-width: 768px)\" \/><img decoding=\"async\" loading=\"lazy\" src=\"https:\/\/dmassets.hyundai.com\/is\/image\/hyundaiautoever\/hyundai-world-hydrogen-summit-2025-02:Single%20Image%20Mobile?wid=706&amp;hei=398\" srcset=\"https:\/\/dmassets.hyundai.com\/is\/image\/hyundaiautoever\/hyundai-world-hydrogen-summit-2025-02:Single%20Image%20Mobile?wid=706&amp;hei=398 1x, https:\/\/dmassets.hyundai.com\/is\/image\/hyundaiautoever\/hyundai-world-hydrogen-summit-2025-02:Single%20Image%20Mobile?wid=1412&amp;hei=796 2x\" width=\"885\" height=\"498\" \/><\/picture><\/div>\n<\/div>\n<\/div>\n<\/div>\n<div class=\"text aem-GridColumn aem-GridColumn--default--12\">\n<div class=\"compText lo-component\">\n<div class=\"lo-container lo-container--narrow cnt-richText typo-body text-grey900\" data-swiftype-index=\"true\">\n<h2>Cumbre Mundial del Hidr\u00f3geno 2025<\/h2>\n<p>Como Copresidente del Consejo del Hidr\u00f3geno, el Vicepresidente de Hyundai Motor Group, Jaehoon Chang, intervino en la Cumbre, participando en la Mesa Redonda de Ministros y Directores Ejecutivos, que se centr\u00f3 en la armonizaci\u00f3n de los esfuerzos p\u00fablicos y privados para acelerar el desarrollo de una industria mundial del hidr\u00f3geno fiable e integradora.<\/p>\n<p>En la Mesa Redonda, los ministros y los l\u00edderes de la industria se basaron en los debates de una reuni\u00f3n previa a puerta cerrada y esbozaron tres acciones estrat\u00e9gicas conjuntas:<\/p>\n<ul>\n<li>Aplicaci\u00f3n de incentivos financieros nacionales<\/li>\n<li>Impulsar los beneficios econ\u00f3micos e industriales en todas las regiones<\/li>\n<li>Reforzar las asociaciones comerciales y las cadenas de suministro mundiales mediante el desarrollo de productos e infraestructuras sostenibles para impulsar la demanda mundial de hidr\u00f3geno.<\/li>\n<\/ul>\n<p>La Mesa Redonda fue copatrocinada por los gobiernos de los Pa\u00edses Bajos y Brasil, en calidad de copresidentes del Foro Internacional del Comercio del Hidr\u00f3geno (IHTF), en colaboraci\u00f3n con la Organizaci\u00f3n de las Naciones Unidas para el Desarrollo Industrial (ONUDI) y el Consejo del Hidr\u00f3geno.<\/p>\n<p>La sesi\u00f3n p\u00fablica cont\u00f3 con la participaci\u00f3n de Sophie Hermans, Ministra de Pol\u00edtica Clim\u00e1tica &amp; Green Growth y Viceprimera Ministra de los Pa\u00edses Bajos; Diego Pardow, Ministro de Energ\u00eda de Chile; y Boudewijn Siemons, Consejero Delegado de la Autoridad Portuaria de Rotterdam. La sesi\u00f3n fue moderada por Ivana Jemelkova, Directora General del Consejo del Hidr\u00f3geno, y en ella se expusieron las perspectivas estrat\u00e9gicas de los l\u00edderes del sector.<\/p>\n<p>Celebrada paralelamente a la Cumbre, la IHTF reunio\u0301 a representantes gubernamentales de ma\u0301s de 10 pai\u0301ses y a li\u0301deres mundiales de la industria del Consejo del Hidro\u0301geno, con el Vicepresidente de Hyundai Motor Group, Chang, a la cabeza de la delegacio\u0301n de la industria.<\/p>\n<\/div>\n<\/div>\n<\/div>\n<div class=\"single-image aem-GridColumn aem-GridColumn--default--12\">\n<div class=\"compSingleImage lo-component \">\n<div class=\"compSingleImage__inner lo-container\">\n<div class=\"compSingleImage__imageContainer \"><picture class=\"compSingleImage__image\"><source srcset=\"https:\/\/dmassets.hyundai.com\/is\/image\/hyundaiautoever\/hyundai-world-hydrogen-summit-2025-01:Single%20Image%20Desktop?wid=885&amp;hei=498 1x, https:\/\/dmassets.hyundai.com\/is\/image\/hyundaiautoever\/hyundai-world-hydrogen-summit-2025-01:Single%20Image%20Desktop?wid=1770&amp;hei=996 2x\" media=\"(min-width: 768px)\" \/><img decoding=\"async\" loading=\"lazy\" src=\"https:\/\/dmassets.hyundai.com\/is\/image\/hyundaiautoever\/hyundai-world-hydrogen-summit-2025-01:Single%20Image%20Mobile?wid=706&amp;hei=398\" srcset=\"https:\/\/dmassets.hyundai.com\/is\/image\/hyundaiautoever\/hyundai-world-hydrogen-summit-2025-01:Single%20Image%20Mobile?wid=706&amp;hei=398 1x, https:\/\/dmassets.hyundai.com\/is\/image\/hyundaiautoever\/hyundai-world-hydrogen-summit-2025-01:Single%20Image%20Mobile?wid=1412&amp;hei=796 2x\" width=\"885\" height=\"498\" \/><\/picture><\/div>\n<\/div>\n<\/div>\n<\/div>\n<div class=\"text aem-GridColumn aem-GridColumn--default--12\">\n<div class=\"compText lo-component\">\n<div class=\"lo-container lo-container--narrow cnt-richText typo-body text-grey900\" data-swiftype-index=\"true\">\n<h2>Hyundai Motor Group impulsa las innovaciones en energ\u00eda del hidr\u00f3geno<\/h2>\n<p>Como parte de los esfuerzos del Grupo para apoyar el ecosistema global del hidr\u00f3geno, el Vicepresidente Chang tambi\u00e9n visit\u00f3 el Campus de Innovaci\u00f3n de Air Liquide en Par\u00eds antes de la Cumbre para reforzar la colaboraci\u00f3n entre ambas empresas. Como el mayor campus de I+D de Air Liquide,&amp;, desempe\u00f1a un papel central en el avance de las tecnolog\u00edas del hidr\u00f3geno y de las energ\u00edas renovables. Durante la visita, recorri\u00f3 las instalaciones y revis\u00f3 las iniciativas conjuntas, al tiempo que exploraba la posibilidad de ampliar la cooperaci\u00f3n a trav\u00e9s del Consejo del Hidr\u00f3geno.<\/p>\n<p>La Cumbre constituye un acontecimiento fundamental para que el Grupo refuerce su compromiso de ser pionero en soluciones basadas en el hidr\u00f3geno y participe en colaboraciones mundiales de gran repercusi\u00f3n. Mediante un liderazgo estrat\u00e9gico y exposiciones innovadoras, el Grupo aspira a impulsar el progreso de la econom\u00eda del hidr\u00f3geno, reforzando tanto su posici\u00f3n como la de Corea como l\u00edderes de la industria del hidr\u00f3geno.<\/p>\n<p>Hyundai Motor Group est\u00e1 acelerando la transici\u00f3n energ\u00e9tica mundial ampliando su marca de negocio de hidr\u00f3geno HTWO para convertirla en una plataforma abierta que re\u00fana a socios, inversores e industrias con fines de colaboraci\u00f3n. Aprovechando sus capacidades de amplio espectro en toda la cadena de valor del hidr\u00f3geno, el Grupo aspira a ofrecer soluciones de hidr\u00f3geno en todas las industrias y sectores de la movilidad. Como parte de su visi\u00f3n net-zero 2045, el Grupo est\u00e1 ampliando las aplicaciones del hidr\u00f3geno para impulsar un futuro sostenible.<\/p>\n<p>Por Eduardo Travieso Itriago<\/p>\n<\/div>\n<\/div>\n<\/div>\n","protected":false},"excerpt":{"rendered":"<p>Por Eduardo Travieso Itriago Hyundai Motor Group (el Grupo) esta\u0301 mostrando su posicio\u0301n como li\u0301der mundial en hidro\u0301geno en la Cumbre Mundial del Hidro\u0301geno 2025 (la Cumbre) en Rotterdam, Pai\u0301ses Bajos, del 20 al 22 de mayo. El Grupo participa tanto en la exposicio\u0301n como en la mesa redonda de alto nivel para compartir sus [&hellip;]<\/p>\n","protected":false},"author":2,"featured_media":25467,"comment_status":"closed","ping_status":"open","sticky":false,"template":"","format":"standard","meta":[],"categories":[93,146,2],"tags":[10603,10472,10529],"wppr_data":{"cwp_meta_box_check":"No"},"_links":{"self":[{"href":"https:\/\/www.notaoficial.com\/s\/wp-json\/wp\/v2\/posts\/25462"}],"collection":[{"href":"https:\/\/www.notaoficial.com\/s\/wp-json\/wp\/v2\/posts"}],"about":[{"href":"https:\/\/www.notaoficial.com\/s\/wp-json\/wp\/v2\/types\/post"}],"author":[{"embeddable":true,"href":"https:\/\/www.notaoficial.com\/s\/wp-json\/wp\/v2\/users\/2"}],"replies":[{"embeddable":true,"href":"https:\/\/www.notaoficial.com\/s\/wp-json\/wp\/v2\/comments?post=25462"}],"version-history":[{"count":1,"href":"https:\/\/www.notaoficial.com\/s\/wp-json\/wp\/v2\/posts\/25462\/revisions"}],"predecessor-version":[{"id":25468,"href":"https:\/\/www.notaoficial.com\/s\/wp-json\/wp\/v2\/posts\/25462\/revisions\/25468"}],"wp:featuredmedia":[{"embeddable":true,"href":"https:\/\/www.notaoficial.com\/s\/wp-json\/wp\/v2\/media\/25467"}],"wp:attachment":[{"href":"https:\/\/www.notaoficial.com\/s\/wp-json\/wp\/v2\/media?parent=25462"}],"wp:term":[{"taxonomy":"category","embeddable":true,"href":"https:\/\/www.notaoficial.com\/s\/wp-json\/wp\/v2\/categories?post=25462"},{"taxonomy":"post_tag","embeddable":true,"href":"https:\/\/www.notaoficial.com\/s\/wp-json\/wp\/v2\/tags?post=25462"}],"curies":[{"name":"wp","href":"https:\/\/api.w.org\/{rel}","templated":true}]}}