{"id":25476,"date":"2025-06-01T19:28:56","date_gmt":"2025-06-01T23:28:56","guid":{"rendered":"https:\/\/www.notaoficial.com\/s\/?p=25476"},"modified":"2025-06-01T19:28:56","modified_gmt":"2025-06-01T23:28:56","slug":"boehringer-ingelheim-presenta-ruta-86-un-recorrido-para-seguir-construyendo-el-presente-y-futuro-del-sistema-nacional-de-salud","status":"publish","type":"post","link":"https:\/\/www.notaoficial.com\/s\/2025\/06\/01\/boehringer-ingelheim-presenta-ruta-86-un-recorrido-para-seguir-construyendo-el-presente-y-futuro-del-sistema-nacional-de-salud\/","title":{"rendered":"Boehringer Ingelheim presenta Ruta 86, un recorrido para seguir construyendo el presente y futuro del Sistema Nacional de Salud"},"content":{"rendered":"<p><span lang=\"ES\">Boehringer Ingelheim ha presentado Ruta 86, un proyecto itinerante que invita a reflexionar sobre el pasado, el presente y el futuro del Sistema Nacional de Salud (SNS), con motivo del 40\u00ba aniversario de la Ley General de Sanidad, que se cumplir\u00e1 en 2026.<\/span><\/p>\n<p><span lang=\"ES\">Con la mirada puesta en abril de 2026, fecha en la que se cumplir\u00e1n cuatro d\u00e9cadas de la aprobaci\u00f3n de dicha Ley, la Ruta 86 recorrer\u00e1 diferentes Comunidades Aut\u00f3nomas durante un a\u00f1o, con el objetivo de impulsar el di\u00e1logo sobre el presente y el futuro del Sistema Nacional de Salud. A trav\u00e9s de foros, encuentros y reuniones, la iniciativa reunir\u00e1 a decisores pol\u00edticos, pacientes y gestores sanitarios para reflexionar sobre temas clave como la equidad sanitaria, el abordaje de la salud mental o el fomento de la investigaci\u00f3n en salud.\u00a0<\/span><\/p>\n<h5 class=\"gds-heading gds-heading--align-left gds-heading--xs\"><span lang=\"ES\">Una visi\u00f3n compartida para el futuro del Sistema Nacional de Salud (SNS)<\/span><\/h5>\n<p><span lang=\"ES\">La ruta culminar\u00e1 en Madrid, en abril de 2026, coincidiendo con el aniversario de la aprobaci\u00f3n de la Ley General de Sanidad de 1986, y en donde se presentar\u00e1 un libro blanco que recoger\u00e1 aprendizajes, propuestas y recomendaciones para reforzar la equidad, la sostenibilidad y la capacidad de innovaci\u00f3n del SNS. Un libro blanco orientada a la acci\u00f3n, construido desde las diferentes realidades de cada territorio de nuestro pa\u00eds y con las perspectivas de diferentes perfiles sanitarios, expertos y legisladores. \u201cQueremos que Ruta 86 sea un espacio de reflexi\u00f3n que de voz a los principales actores del sistema sanitario en todo el pa\u00eds. Nuestro objetivo es construir, entre todos, una visi\u00f3n compartida que nos permita anticiparnos a los retos del futuro y hacia un modelo m\u00e1s innovador, sostenible y equitativo\u201d, ha se\u00f1alado <strong>Nicolas Dumoulin, director general de Boehringer Ingelheim Espa\u00f1a.<\/strong><\/span><\/p>\n<h5 class=\"gds-heading gds-heading--align-left gds-heading--xs\"><span lang=\"ES\"><strong>Primera parada: Madrid pone foco en la equidad<\/strong><\/span><\/h5>\n<p><span lang=\"ES\">La ruta ha comenzado en Madrid con el evento inaugural \u201cDestino: equidad sanitaria\u201d. La jornada ha reunido a exministros, exconsejeros auton\u00f3micos, portavoces del Congreso de los Diputados y representantes institucionales del Ministerio de Sanidad y de la Comunidad de Madrid.\u00a0<\/span><\/p>\n<p><span lang=\"ES\">El evento ha sido inaugurado por <strong>Marta Gonz\u00e1lez, vicepresidenta cuarta del Congreso y<\/strong> <strong>Agust\u00edn Santos, presidente de la Comisi\u00f3n de Sanidad del Congreso,<\/strong> quien ha subrayado el papel fundamental de la equidad como principio vertebrador del sistema. Por su parte, <strong>Javier Padilla, secretario de Estado de Sanidad,<\/strong> ha sido el encargado de la clausura del evento, se\u00f1alando que \u201cLa mejor manera de avanzar hacia una mayor equidad en nuestro sistema sanitario es priorizar el consenso por encima de los intereses particulares a la hora de abordar reformas estructurales. Estas reformas deben ser estables en el tiempo, promover la participaci\u00f3n activa de la ciudadan\u00eda y asegurar la sostenibilidad externa del sistema. Esto \u00faltimo implica un compromiso firme de la sociedad con su financiaci\u00f3n, que debe traducirse en una dotaci\u00f3n econ\u00f3mica adecuada y sostenida\u201d.<\/span><\/p>\n<p><span lang=\"ES\">El evento ha contado con dos mesas de debate. En la primera de ellas, bajo el t\u00edtulo \u201cSentando las bases del Sistema Nacional de Salud\u201d, ha reunido a figuras clave en el desarrollo del modelo sanitario durante los \u00faltimos a\u00f1os para reflexionar sobre los principales hitos normativos e institucionales del SNS desde la aprobaci\u00f3n de la Ley General de Sanidad en 1986 hasta la actualidad, con especial atenci\u00f3n al papel de la equidad como eje transversal. El debate, moderado por el periodista Pablo Linde, cont\u00f3 con la intervenci\u00f3n de <strong>Faustino Blanco, exconsejero de Salud del Principado de Asturias y exsecretario de Estado de Sanidad, Mar\u00eda Luisa Carcedo, exministra de Sanidad y Boi Ruiz, exconsejero catal\u00e1n de Salud.<\/strong>\u00a0<\/span><\/p>\n<p><span lang=\"ES\">La segunda mesa, titulada \u201cSalud, de gasto a inversi\u00f3n a trav\u00e9s de mecanismos innovadores\u201d, ha sido moderada por Andoni Lorenzo, presidente del Foro Espa\u00f1ol de Pacientes, y ha contado con la intervenci\u00f3n de <strong>Mar\u00eda Sainz, portavoz adjunta del Grupo Socialista en el Congreso de los Diputados; Elvira Velasco, portavoz del Grupo Popular en el Congreso de los Diputados y Alda Recas, portavoz de Sumar en el Congreso de los Diputados.<\/strong> \u00a0La conversaci\u00f3n ha abordado recientes avances legislativos como la Ley de Equidad, Cohesi\u00f3n y Universalidad, as\u00ed como el papel de la innovaci\u00f3n como palanca para mejorar el acceso y la calidad del sistema.<\/span><\/p>\n<h5><span lang=\"ES\">Compromiso con la transformaci\u00f3n del sistema sanitario<\/span><\/h5>\n<p><span lang=\"ES\">Con esta iniciativa, Boehringer Ingelheim, comprometida con la sostenibilidad y transformaci\u00f3n del sistema sanitario,\u00a0pone el foco en los aprendizajes del pasado para seguir construyendo el futuro del mismo, desde la equidad, la innovaci\u00f3n y la colaboraci\u00f3n con todos los agentes implicados.\u00a0<\/span><\/p>\n<p class=\"gds-paragraph gds-paragraph--align-left gds-paragraph--s gds-paragraph--spacer-m\"><span lang=\"ES\"><strong>Acerca de Boehringer Ingelheim<\/strong><\/span><br \/>\n<span lang=\"ES\">Boehringer Ingelheim es una empresa biofarmac\u00e9utica dedicada a la salud humana y animal. Como uno de los principales inversores del sector en investigaci\u00f3n y desarrollo, la compa\u00f1\u00eda se centra en desarrollar terapias innovadoras que puedan mejorar y prolongar la vida en \u00e1reas con una alta necesidad m\u00e9dica no cubierta. Desde su fundaci\u00f3n en 1885, Boehringer es una compa\u00f1\u00eda independiente que adopta una visi\u00f3n a largo plazo, integrando la sostenibilidad en toda su cadena de valor. Aproximadamente 54.500 colaboradores\/as atienden a m\u00e1s de 130 mercados para construir un futuro m\u00e1s saludable y sostenible. M\u00e1s informaci\u00f3n en <\/span><a class=\"skip-disclaimer use-ajax\" href=\"https:\/\/www.boehringer-ingelheim.com\/es\/disclaimer\/bi?path=https%3A%2F%2Fwww.boehringer-ingelheim.es\" data-once=\"biDisclaimerLinkCheck ajax\" data-dialog-type=\"modal\" data-dialog-options=\"{&quot;selector&quot;:&quot;#modal-disclaimer&quot;,&quot;width&quot;:800,&quot;height&quot;:&quot;auto&quot;,&quot;formButtonsExtract&quot;:true,&quot;modal&quot;:true}\" data-it-button=\"www.boehringer-ingelheim.es\"><span lang=\"ES\">www.boehringer-ingelheim.es<\/span><\/a><\/p>\n","protected":false},"excerpt":{"rendered":"<p>Boehringer Ingelheim ha presentado Ruta 86, un proyecto itinerante que invita a reflexionar sobre el pasado, el presente y el futuro del Sistema Nacional de Salud (SNS), con motivo del 40\u00ba aniversario de la Ley General de Sanidad, que se cumplir\u00e1 en 2026. Con la mirada puesta en abril de 2026, fecha en la que [&hellip;]<\/p>\n","protected":false},"author":2,"featured_media":25477,"comment_status":"closed","ping_status":"open","sticky":false,"template":"","format":"standard","meta":[],"categories":[93,146,2],"tags":[9782,10632,15],"wppr_data":{"cwp_meta_box_check":"No"},"_links":{"self":[{"href":"https:\/\/www.notaoficial.com\/s\/wp-json\/wp\/v2\/posts\/25476"}],"collection":[{"href":"https:\/\/www.notaoficial.com\/s\/wp-json\/wp\/v2\/posts"}],"about":[{"href":"https:\/\/www.notaoficial.com\/s\/wp-json\/wp\/v2\/types\/post"}],"author":[{"embeddable":true,"href":"https:\/\/www.notaoficial.com\/s\/wp-json\/wp\/v2\/users\/2"}],"replies":[{"embeddable":true,"href":"https:\/\/www.notaoficial.com\/s\/wp-json\/wp\/v2\/comments?post=25476"}],"version-history":[{"count":1,"href":"https:\/\/www.notaoficial.com\/s\/wp-json\/wp\/v2\/posts\/25476\/revisions"}],"predecessor-version":[{"id":25478,"href":"https:\/\/www.notaoficial.com\/s\/wp-json\/wp\/v2\/posts\/25476\/revisions\/25478"}],"wp:featuredmedia":[{"embeddable":true,"href":"https:\/\/www.notaoficial.com\/s\/wp-json\/wp\/v2\/media\/25477"}],"wp:attachment":[{"href":"https:\/\/www.notaoficial.com\/s\/wp-json\/wp\/v2\/media?parent=25476"}],"wp:term":[{"taxonomy":"category","embeddable":true,"href":"https:\/\/www.notaoficial.com\/s\/wp-json\/wp\/v2\/categories?post=25476"},{"taxonomy":"post_tag","embeddable":true,"href":"https:\/\/www.notaoficial.com\/s\/wp-json\/wp\/v2\/tags?post=25476"}],"curies":[{"name":"wp","href":"https:\/\/api.w.org\/{rel}","templated":true}]}}