{"id":25481,"date":"2025-06-01T19:33:47","date_gmt":"2025-06-01T23:33:47","guid":{"rendered":"https:\/\/www.notaoficial.com\/s\/?p=25481"},"modified":"2025-06-01T19:33:47","modified_gmt":"2025-06-01T23:33:47","slug":"casa-alfa-romeo-gana-el-fuori-concorso-2025","status":"publish","type":"post","link":"https:\/\/www.notaoficial.com\/s\/2025\/06\/01\/casa-alfa-romeo-gana-el-fuori-concorso-2025\/","title":{"rendered":"Casa Alfa Romeo gana el Fuori Concorso 2025"},"content":{"rendered":"<p>Por Eduardo Travieso Itriago<\/p>\n<p>Grandes multitudes, incluidos coleccionistas, expertos y entusiastas de todo el mundo, asistieron a los dos d\u00edas de FuoriConcorso 2025. un prestigioso evento que desde 2019 celebra la cultura del autom\u00f3vil a trav\u00e9s de exposiciones tem\u00e1ticas de coches raros y de \u00e9poca, en lugares emblem\u00e1ticos con vistas al lago Como. El tema de este a\u00f1o &#8211; Velocissimo &#8211; Coches de carreras italianos &#8211; destac\u00f3 el atractivo cargado de adrenalina de los coches de carreras italianos, incluidas algunas de las creaciones m\u00e1s significativas de Alfa Romeo, que contin\u00faan zumbando en el inconsciente colectivo hasta el d\u00eda de hoy.<\/p>\n<p>Como Socio Oficial del evento, la marca encant\u00f3 a los visitantes con una exposici\u00f3n de unos 15 coches legendarios, celebrada en los jardines de la espl\u00e9ndida Villa Sucota, transformada para el evento en la \u00abCasa Alfa Romeo\u00bb, un espacio exclusivo dedicado por completo a la marca de la noble deportividad italiana desde 1910. Estas rarezas, algunas procedentes del Museo Alfa Romeo de Arese y otras de colecciones privadas, incluyen el 6C 1750 Gran Sport de 1930, el Giulia TZ2 de 1965, el 33 TT 12 de 1975 y el GP Tipo 159 \u00abAlfetta\u00bb de 1951. Junto a estos monarcas del automovilismo, destacaba el nuevo 33 Stradale, que garantiza un rendimiento excepcional en la pista, dise\u00f1ado sin concesiones en t\u00e9rminos de confort y facilidad de uso, incluso en el d\u00eda a d\u00eda.<\/p>\n<p>Adem\u00e1s, en este lugar de rara belleza, el viernes por la noche tuvo lugar la presentaci\u00f3n oficial del libro Alfa Romeo 33 Stradale. Una obra editorial de gran valor, realizada \u00edntegramente por el equipo Alfa Romeo, que presenta la g\u00e9nesis del nuevo 33 Stradale. En particular, ante un p\u00fablico de profesionales apasionados por el sector, algunos de los autores del libro explicaron el entusiasmo, los retos y la intuici\u00f3n que acompa\u00f1aron cada etapa de esta extraordinaria aventura creativa, mostrando todas las emociones al recorrer las etapas m\u00e1s destacadas de un proyecto \u00fanico y ambicioso. Presentado en 2023 y producido en s\u00f3lo 33 modelos, el nuevo fuoriserie homologado para circular por carretera representa el regreso del legendario 33 Stradale, icono de los a\u00f1os 60, reputado por muchos como uno de los coches m\u00e1s bellos de todos los tiempos, y derivado directamente del Tipo 33, anta\u00f1o gran nombre del automovilismo mundial. El lanzamiento de este exclusivo trabajo editorial marc\u00f3 por tanto uno de los momentos m\u00e1s intensos de todo el fin de semana en el Lago Como, sellando el profundo v\u00ednculo entre el p\u00fablico y una marca que sigue inspirando la deportividad del siglo XXI.<\/p>\n<p>Publicado por Rizzoli y distribuido a trav\u00e9s de un acuerdo global de licencia con Rizzoli y Rizzoli International, en versiones italiana e inglesa, el tomo Alfa Romeo 33 Stradale estar\u00e1 en las librer\u00edas a partir del 10 de junio (248 pp., PVPR 85 \u20ac) y est\u00e1 destinado a convertirse en un punto de referencia para coleccionistas y apasionados. En detalle, tras una introducci\u00f3n de Santo Ficili, CEO de Alfa Romeo, la narraci\u00f3n se divide en cap\u00edtulos escritos por los protagonistas: Jean-Philippe Imparato, entonces CEO de la marca; Lorenzo Ardizio, Conservador del Museo Alfa Romeo; Cristiano Fiorio, Jefe del Proyecto 33 Stradale; Alejandro Mesonero-Romanos, Jefe de Dise\u00f1o Alfa Romeo; Daniel Tiago Guzzafame, Jefe de Producto; y Eligio Catarinella, Director de Marketing Alfa Romeo.<\/p>\n<p>Con atenci\u00f3n a cada detalle, el libro refleja el mismo enfoque a medida con el que se concibi\u00f3 el nuevo 33 Stradale. Despu\u00e9s de todo, con su dise\u00f1o escultural, sus impresionantes prestaciones y su obsesiva artesan\u00eda, este coup\u00e9 biplaza resume perfectamente el esp\u00edritu de Alfa Romeo: creer audazmente en las propias ideas, hasta el punto de transformar una leyenda del pasado en una visi\u00f3n tangible del futuro.<\/p>\n<p>Por Eduardo Travieso Itriago<\/p>\n","protected":false},"excerpt":{"rendered":"<p>Por Eduardo Travieso Itriago Grandes multitudes, incluidos coleccionistas, expertos y entusiastas de todo el mundo, asistieron a los dos d\u00edas de FuoriConcorso 2025. un prestigioso evento que desde 2019 celebra la cultura del autom\u00f3vil a trav\u00e9s de exposiciones tem\u00e1ticas de coches raros y de \u00e9poca, en lugares emblem\u00e1ticos con vistas al lago Como. El tema [&hellip;]<\/p>\n","protected":false},"author":2,"featured_media":25482,"comment_status":"closed","ping_status":"open","sticky":false,"template":"","format":"standard","meta":[],"categories":[93,146,2],"tags":[10513,9678,10603],"wppr_data":{"cwp_meta_box_check":"No"},"_links":{"self":[{"href":"https:\/\/www.notaoficial.com\/s\/wp-json\/wp\/v2\/posts\/25481"}],"collection":[{"href":"https:\/\/www.notaoficial.com\/s\/wp-json\/wp\/v2\/posts"}],"about":[{"href":"https:\/\/www.notaoficial.com\/s\/wp-json\/wp\/v2\/types\/post"}],"author":[{"embeddable":true,"href":"https:\/\/www.notaoficial.com\/s\/wp-json\/wp\/v2\/users\/2"}],"replies":[{"embeddable":true,"href":"https:\/\/www.notaoficial.com\/s\/wp-json\/wp\/v2\/comments?post=25481"}],"version-history":[{"count":1,"href":"https:\/\/www.notaoficial.com\/s\/wp-json\/wp\/v2\/posts\/25481\/revisions"}],"predecessor-version":[{"id":25483,"href":"https:\/\/www.notaoficial.com\/s\/wp-json\/wp\/v2\/posts\/25481\/revisions\/25483"}],"wp:featuredmedia":[{"embeddable":true,"href":"https:\/\/www.notaoficial.com\/s\/wp-json\/wp\/v2\/media\/25482"}],"wp:attachment":[{"href":"https:\/\/www.notaoficial.com\/s\/wp-json\/wp\/v2\/media?parent=25481"}],"wp:term":[{"taxonomy":"category","embeddable":true,"href":"https:\/\/www.notaoficial.com\/s\/wp-json\/wp\/v2\/categories?post=25481"},{"taxonomy":"post_tag","embeddable":true,"href":"https:\/\/www.notaoficial.com\/s\/wp-json\/wp\/v2\/tags?post=25481"}],"curies":[{"name":"wp","href":"https:\/\/api.w.org\/{rel}","templated":true}]}}